{"id":313048,"date":"2025-12-01T11:09:15","date_gmt":"2025-12-01T10:09:15","guid":{"rendered":"https:\/\/www.evearly.news\/fr\/non-les-voitures-electriques-nemettent-pas-de-champs-electromagnetiques-dangereux-cette-etude-met-les-choses-au-clair\/"},"modified":"2025-12-01T11:09:15","modified_gmt":"2025-12-01T10:09:15","slug":"non-les-voitures-electriques-nemettent-pas-de-champs-electromagnetiques-dangereux-cette-etude-met-les-choses-au-clair","status":"publish","type":"post","link":"https:\/\/www.evearly.news\/fr\/non-les-voitures-electriques-nemettent-pas-de-champs-electromagnetiques-dangereux-cette-etude-met-les-choses-au-clair\/","title":{"rendered":"Non, les voitures \u00e9lectriques n\u2019\u00e9mettent pas de champs \u00e9lectromagn\u00e9tiques dangereux : cette \u00e9tude met les choses au clair"},"content":{"rendered":"<p><img loading=\"lazy\" width=\"1200\" height=\"675\" src=\"https:\/\/www.evearly.news\/fr\/wp-content\/uploads\/sites\/6\/2025\/12\/non-les-voitures-electriques-nemettent-pas-de-champs-electromagnetiques-dangereux-cette-etude-met-les-choses-au-clair.jpg\" class=\"attachment-full size-full wp-post-image\" alt=\"\" decoding=\"async\" \/<br \/>\nOn entend souvent que les voitures \u00e9lectriques \u00e9mettent des champs \u00e9lectromagn\u00e9tiques, et certains s\u2019inqui\u00e8tent de leur dangerosit\u00e9. Mais qu\u2019en est-il vraiment\u00a0? L\u2019ADAC a men\u00e9 une vaste \u00e9tude \u00e0 ce sujet en Allemagne, avec des r\u00e9sultats sans \u00e9quivoque.<br \/>\n <a href=https:\/\/www.frandroid.com\/survoltes\/voitures-electriques\/2892917_non-les-voitures-electriques-nemettent-pas-de-champs-electromagnetiques-dangereux-cette-etude-met-les-choses-au-clair target='blank'>Lire la suite&#8230;<\/a><\/p>\n","protected":false},"excerpt":{"rendered":"<p>&lt;img width=&quot;1200&quot; height=&quot;675&quot; src=&quot;https:\/\/www.evearly.news\/fr\/wp-content\/uploads\/sites\/6\/2025\/12\/non-les-voitures-electriques-nemettent-pas-de-champs-electromagnetiques-dangereux-cette-etude-met-les-choses-au-clair.jpg&quot; class=&quot;attachment-full size-full wp-post-image&quot; alt=&quot;&quot; decoding=&quot;async&quot; \/<br \/>\nOn entend souvent que les voitures \u00e9lectriques \u00e9mettent des champs \u00e9lectromagn\u00e9tiques, et certains s\u2019inqui\u00e8tent de leur dangerosit\u00e9. Mais qu\u2019en est-il vraiment\u00a0? L\u2019ADAC a men\u00e9 une vaste \u00e9tude \u00e0 ce sujet en Allemagne, avec des r\u00e9sultats sans \u00e9quivoque.\n<\/p>\n<p> <a class=\"continue-reading-link\" href=\"https:\/\/www.evearly.news\/fr\/non-les-voitures-electriques-nemettent-pas-de-champs-electromagnetiques-dangereux-cette-etude-met-les-choses-au-clair\/\"><\/a><\/p>\n","protected":false},"author":6,"featured_media":313049,"comment_status":"closed","ping_status":"open","sticky":false,"template":"Default","format":"standard","meta":{"footnotes":""},"categories":[14],"tags":[],"class_list":["post-313048","post","type-post","status-publish","format-standard","has-post-thumbnail","hentry","category-frandroid"],"_links":{"self":[{"href":"https:\/\/www.evearly.news\/fr\/wp-json\/wp\/v2\/posts\/313048","targetHints":{"allow":["GET"]}}],"collection":[{"href":"https:\/\/www.evearly.news\/fr\/wp-json\/wp\/v2\/posts"}],"about":[{"href":"https:\/\/www.evearly.news\/fr\/wp-json\/wp\/v2\/types\/post"}],"author":[{"embeddable":true,"href":"https:\/\/www.evearly.news\/fr\/wp-json\/wp\/v2\/users\/6"}],"replies":[{"embeddable":true,"href":"https:\/\/www.evearly.news\/fr\/wp-json\/wp\/v2\/comments?post=313048"}],"version-history":[{"count":0,"href":"https:\/\/www.evearly.news\/fr\/wp-json\/wp\/v2\/posts\/313048\/revisions"}],"wp:featuredmedia":[{"embeddable":true,"href":"https:\/\/www.evearly.news\/fr\/wp-json\/wp\/v2\/media\/313049"}],"wp:attachment":[{"href":"https:\/\/www.evearly.news\/fr\/wp-json\/wp\/v2\/media?parent=313048"}],"wp:term":[{"taxonomy":"category","embeddable":true,"href":"https:\/\/www.evearly.news\/fr\/wp-json\/wp\/v2\/categories?post=313048"},{"taxonomy":"post_tag","embeddable":true,"href":"https:\/\/www.evearly.news\/fr\/wp-json\/wp\/v2\/tags?post=313048"}],"curies":[{"name":"wp","href":"https:\/\/api.w.org\/{rel}","templated":true}]}}