{"id":313056,"date":"2025-12-01T10:10:05","date_gmt":"2025-12-01T09:10:05","guid":{"rendered":"https:\/\/www.evearly.news\/fr\/le-marche-francais-reste-faible-mais-les-voitures-electriques-atteignent-un-nouveau-record\/"},"modified":"2025-12-01T10:10:05","modified_gmt":"2025-12-01T09:10:05","slug":"le-marche-francais-reste-faible-mais-les-voitures-electriques-atteignent-un-nouveau-record","status":"publish","type":"post","link":"https:\/\/www.evearly.news\/fr\/le-marche-francais-reste-faible-mais-les-voitures-electriques-atteignent-un-nouveau-record\/","title":{"rendered":"Le march\u00e9 fran\u00e7ais reste faible mais les voitures \u00e9lectriques atteignent un nouveau record"},"content":{"rendered":"<p><img decoding=\"async\" src=\"https:\/\/www.evearly.news\/fr\/wp-content\/uploads\/sites\/6\/2025\/12\/le-marche-francais-reste-faible-mais-les-voitures-electriques-atteignent-un-nouveau-record.jpg\" alt=\"caradisiac\" ><br \/>Le march\u00e9 automobile fran\u00e7ais repart \u00e0 la baisse au mois de novembre 2025, mais les ventes de voitures \u00e9lectriques (probablement port\u00e9es par l\u2019augmentation du bonus \u00e9cologique) atteignent un nouveau record de parts de march\u00e9. Vous allez commencer \u00e0 voir beaucoup de Renault 5 dans les rues\u00a0! <a href=https:\/\/www.caradisiac.com\/le-marche-francais-reste-faible-mais-les-voitures-electriques-atteignent-un-nouveau-record-219173.htm#xtor=RSS-40 target=blank>Lire la suite&#8230;<\/a><\/p>\n","protected":false},"excerpt":{"rendered":"<p><img decoding=\"async\" src=\"https:\/\/www.evearly.news\/fr\/wp-content\/uploads\/sites\/6\/2025\/12\/le-marche-francais-reste-faible-mais-les-voitures-electriques-atteignent-un-nouveau-record.jpg\" alt=\"caradisiac\"><br \/>Le march\u00e9 automobile fran\u00e7ais repart \u00e0 la baisse au mois de novembre 2025, mais les ventes de voitures \u00e9lectriques (probablement port\u00e9es par l\u2019augmentation du bonus \u00e9cologique) atteignent un nouveau record de parts de march\u00e9. Vous allez commencer \u00e0 voir beaucoup de Renault 5 dans les rues\u00a0!<\/p>\n<p> <a class=\"continue-reading-link\" href=\"https:\/\/www.evearly.news\/fr\/le-marche-francais-reste-faible-mais-les-voitures-electriques-atteignent-un-nouveau-record\/\"><\/a><\/p>\n","protected":false},"author":11,"featured_media":313057,"comment_status":"closed","ping_status":"open","sticky":false,"template":"Default","format":"standard","meta":{"footnotes":""},"categories":[11],"tags":[],"class_list":["post-313056","post","type-post","status-publish","format-standard","has-post-thumbnail","hentry","category-caradisiac"],"_links":{"self":[{"href":"https:\/\/www.evearly.news\/fr\/wp-json\/wp\/v2\/posts\/313056","targetHints":{"allow":["GET"]}}],"collection":[{"href":"https:\/\/www.evearly.news\/fr\/wp-json\/wp\/v2\/posts"}],"about":[{"href":"https:\/\/www.evearly.news\/fr\/wp-json\/wp\/v2\/types\/post"}],"author":[{"embeddable":true,"href":"https:\/\/www.evearly.news\/fr\/wp-json\/wp\/v2\/users\/11"}],"replies":[{"embeddable":true,"href":"https:\/\/www.evearly.news\/fr\/wp-json\/wp\/v2\/comments?post=313056"}],"version-history":[{"count":0,"href":"https:\/\/www.evearly.news\/fr\/wp-json\/wp\/v2\/posts\/313056\/revisions"}],"wp:featuredmedia":[{"embeddable":true,"href":"https:\/\/www.evearly.news\/fr\/wp-json\/wp\/v2\/media\/313057"}],"wp:attachment":[{"href":"https:\/\/www.evearly.news\/fr\/wp-json\/wp\/v2\/media?parent=313056"}],"wp:term":[{"taxonomy":"category","embeddable":true,"href":"https:\/\/www.evearly.news\/fr\/wp-json\/wp\/v2\/categories?post=313056"},{"taxonomy":"post_tag","embeddable":true,"href":"https:\/\/www.evearly.news\/fr\/wp-json\/wp\/v2\/tags?post=313056"}],"curies":[{"name":"wp","href":"https:\/\/api.w.org\/{rel}","templated":true}]}}