{"id":313068,"date":"2025-12-01T15:32:28","date_gmt":"2025-12-01T14:32:28","guid":{"rendered":"https:\/\/www.evearly.news\/fr\/un-nouveau-pays-europeen-instaure-une-taxe-kilometrique-sur-les-voitures-electriques-pourquoi-cette-idee-pourrait-arriver-en-france\/"},"modified":"2025-12-01T15:32:28","modified_gmt":"2025-12-01T14:32:28","slug":"un-nouveau-pays-europeen-instaure-une-taxe-kilometrique-sur-les-voitures-electriques-pourquoi-cette-idee-pourrait-arriver-en-france","status":"publish","type":"post","link":"https:\/\/www.evearly.news\/fr\/un-nouveau-pays-europeen-instaure-une-taxe-kilometrique-sur-les-voitures-electriques-pourquoi-cette-idee-pourrait-arriver-en-france\/","title":{"rendered":"Un nouveau pays europ\u00e9en instaure une taxe kilom\u00e9trique sur les voitures \u00e9lectriques : pourquoi cette id\u00e9e pourrait arriver en France"},"content":{"rendered":"<p><img width=\"1200\" height=\"675\" src=\"https:\/\/www.evearly.news\/fr\/wp-content\/uploads\/sites\/6\/2025\/12\/un-nouveau-pays-europeen-instaure-une-taxe-kilometrique-sur-les-voitures-electriques-pourquoi-cette-idee-pourrait-arriver-en-france.jpg\" class=\"attachment-full size-full wp-post-image\" alt=\"\" decoding=\"async\" loading=\"lazy\" \/<br \/>\nApr\u00e8s la Suisse, le Royaume-Uni vient de pr\u00e9senter une nouvelle taxe au kilom\u00e8tre pour les voitures \u00e9lectriques et hybrides. Mise en place en 2028, elle devrait aider \u00e0 compenser la baisse des taxes pr\u00e9lev\u00e9es sur l&rsquo;essence. La France pourrait-elle s&rsquo;en inspirer ?<br \/>\n <a href=https:\/\/www.frandroid.com\/survoltes\/voitures-electriques\/2893527_un-nouveau-pays-europeen-instaure-une-taxe-kilometrique-sur-les-voitures-electriques-pourquoi-cette-idee-pourrait-arriver-en-france target='blank'>Lire la suite&#8230;<\/a><\/p>\n","protected":false},"excerpt":{"rendered":"<p>&lt;img width=&quot;1200&quot; height=&quot;675&quot; src=&quot;https:\/\/www.evearly.news\/fr\/wp-content\/uploads\/sites\/6\/2025\/12\/un-nouveau-pays-europeen-instaure-une-taxe-kilometrique-sur-les-voitures-electriques-pourquoi-cette-idee-pourrait-arriver-en-france.jpg&quot; class=&quot;attachment-full size-full wp-post-image&quot; alt=&quot;&quot; decoding=&quot;async&quot; loading=&quot;lazy&quot; \/<br \/>\nApr\u00e8s la Suisse, le Royaume-Uni vient de pr\u00e9senter une nouvelle taxe au kilom\u00e8tre pour les voitures \u00e9lectriques et hybrides. Mise en place en 2028, elle devrait aider \u00e0 compenser la baisse des taxes pr\u00e9lev\u00e9es sur l&rsquo;essence. La France pourrait-elle s&rsquo;en inspirer ?\n<\/p>\n<p> <a class=\"continue-reading-link\" href=\"https:\/\/www.evearly.news\/fr\/un-nouveau-pays-europeen-instaure-une-taxe-kilometrique-sur-les-voitures-electriques-pourquoi-cette-idee-pourrait-arriver-en-france\/\"><\/a><\/p>\n","protected":false},"author":6,"featured_media":313069,"comment_status":"closed","ping_status":"open","sticky":false,"template":"Default","format":"standard","meta":{"footnotes":""},"categories":[14],"tags":[],"class_list":["post-313068","post","type-post","status-publish","format-standard","has-post-thumbnail","hentry","category-frandroid"],"_links":{"self":[{"href":"https:\/\/www.evearly.news\/fr\/wp-json\/wp\/v2\/posts\/313068","targetHints":{"allow":["GET"]}}],"collection":[{"href":"https:\/\/www.evearly.news\/fr\/wp-json\/wp\/v2\/posts"}],"about":[{"href":"https:\/\/www.evearly.news\/fr\/wp-json\/wp\/v2\/types\/post"}],"author":[{"embeddable":true,"href":"https:\/\/www.evearly.news\/fr\/wp-json\/wp\/v2\/users\/6"}],"replies":[{"embeddable":true,"href":"https:\/\/www.evearly.news\/fr\/wp-json\/wp\/v2\/comments?post=313068"}],"version-history":[{"count":0,"href":"https:\/\/www.evearly.news\/fr\/wp-json\/wp\/v2\/posts\/313068\/revisions"}],"wp:featuredmedia":[{"embeddable":true,"href":"https:\/\/www.evearly.news\/fr\/wp-json\/wp\/v2\/media\/313069"}],"wp:attachment":[{"href":"https:\/\/www.evearly.news\/fr\/wp-json\/wp\/v2\/media?parent=313068"}],"wp:term":[{"taxonomy":"category","embeddable":true,"href":"https:\/\/www.evearly.news\/fr\/wp-json\/wp\/v2\/categories?post=313068"},{"taxonomy":"post_tag","embeddable":true,"href":"https:\/\/www.evearly.news\/fr\/wp-json\/wp\/v2\/tags?post=313068"}],"curies":[{"name":"wp","href":"https:\/\/api.w.org\/{rel}","templated":true}]}}