{"id":313074,"date":"2025-12-01T16:35:23","date_gmt":"2025-12-01T15:35:23","guid":{"rendered":"https:\/\/www.evearly.news\/fr\/voici-la-moins-chere-des-voitures-electriques-a-plus-de-600-km-dautonomie-la-nouvelle-nissan-leaf\/"},"modified":"2025-12-01T16:35:23","modified_gmt":"2025-12-01T15:35:23","slug":"voici-la-moins-chere-des-voitures-electriques-a-plus-de-600-km-dautonomie-la-nouvelle-nissan-leaf","status":"publish","type":"post","link":"https:\/\/www.evearly.news\/fr\/voici-la-moins-chere-des-voitures-electriques-a-plus-de-600-km-dautonomie-la-nouvelle-nissan-leaf\/","title":{"rendered":"Voici la moins ch\u00e8re des voitures \u00e9lectriques \u00e0 plus de 600 km d\u2019autonomie : la nouvelle Nissan Leaf"},"content":{"rendered":"<p><img loading=\"lazy\" width=\"1200\" height=\"675\" src=\"https:\/\/www.evearly.news\/fr\/wp-content\/uploads\/sites\/6\/2025\/12\/voici-la-moins-chere-des-voitures-electriques-a-plus-de-600-km-dautonomie-la-nouvelle-nissan-leaf.jpg\" class=\"attachment-full size-full wp-post-image\" alt=\"\" decoding=\"async\" \/<br \/>\nQuelques mois apr\u00e8s la pr\u00e9sentation de la troisi\u00e8me g\u00e9n\u00e9ration de Nissan Leaf, le constructeur japonais ouvre le carnet de commandes de sa voiture \u00e9lectrique. Avec un prix d&rsquo;entr\u00e9e de 35 300 euros et la version \u00e0 plus de 600 km d&rsquo;autonomie factur\u00e9e 40 300 euros, elle s&rsquo;av\u00e8re plut\u00f4t bien plac\u00e9e.<br \/>\n <a href=https:\/\/www.frandroid.com\/marques\/nissan\/2893841_voici-la-moins-chere-des-voitures-electriques-a-plus-de-600-km-dautonomie-la-nouvelle-nissan-leaf target='blank'>Lire la suite&#8230;<\/a><\/p>\n","protected":false},"excerpt":{"rendered":"<p>&lt;img width=&quot;1200&quot; height=&quot;675&quot; src=&quot;https:\/\/www.evearly.news\/fr\/wp-content\/uploads\/sites\/6\/2025\/12\/voici-la-moins-chere-des-voitures-electriques-a-plus-de-600-km-dautonomie-la-nouvelle-nissan-leaf.jpg&quot; class=&quot;attachment-full size-full wp-post-image&quot; alt=&quot;&quot; decoding=&quot;async&quot; \/<br \/>\nQuelques mois apr\u00e8s la pr\u00e9sentation de la troisi\u00e8me g\u00e9n\u00e9ration de Nissan Leaf, le constructeur japonais ouvre le carnet de commandes de sa voiture \u00e9lectrique. Avec un prix d&rsquo;entr\u00e9e de 35 300 euros et la version \u00e0 plus de 600 km d&rsquo;autonomie factur\u00e9e 40 300 euros, elle s&rsquo;av\u00e8re plut\u00f4t bien plac\u00e9e.\n<\/p>\n<p> <a class=\"continue-reading-link\" href=\"https:\/\/www.evearly.news\/fr\/voici-la-moins-chere-des-voitures-electriques-a-plus-de-600-km-dautonomie-la-nouvelle-nissan-leaf\/\"><\/a><\/p>\n","protected":false},"author":6,"featured_media":313075,"comment_status":"closed","ping_status":"open","sticky":false,"template":"Default","format":"standard","meta":{"footnotes":""},"categories":[14],"tags":[],"class_list":["post-313074","post","type-post","status-publish","format-standard","has-post-thumbnail","hentry","category-frandroid"],"_links":{"self":[{"href":"https:\/\/www.evearly.news\/fr\/wp-json\/wp\/v2\/posts\/313074","targetHints":{"allow":["GET"]}}],"collection":[{"href":"https:\/\/www.evearly.news\/fr\/wp-json\/wp\/v2\/posts"}],"about":[{"href":"https:\/\/www.evearly.news\/fr\/wp-json\/wp\/v2\/types\/post"}],"author":[{"embeddable":true,"href":"https:\/\/www.evearly.news\/fr\/wp-json\/wp\/v2\/users\/6"}],"replies":[{"embeddable":true,"href":"https:\/\/www.evearly.news\/fr\/wp-json\/wp\/v2\/comments?post=313074"}],"version-history":[{"count":0,"href":"https:\/\/www.evearly.news\/fr\/wp-json\/wp\/v2\/posts\/313074\/revisions"}],"wp:featuredmedia":[{"embeddable":true,"href":"https:\/\/www.evearly.news\/fr\/wp-json\/wp\/v2\/media\/313075"}],"wp:attachment":[{"href":"https:\/\/www.evearly.news\/fr\/wp-json\/wp\/v2\/media?parent=313074"}],"wp:term":[{"taxonomy":"category","embeddable":true,"href":"https:\/\/www.evearly.news\/fr\/wp-json\/wp\/v2\/categories?post=313074"},{"taxonomy":"post_tag","embeddable":true,"href":"https:\/\/www.evearly.news\/fr\/wp-json\/wp\/v2\/tags?post=313074"}],"curies":[{"name":"wp","href":"https:\/\/api.w.org\/{rel}","templated":true}]}}