{"id":313076,"date":"2025-12-01T16:52:17","date_gmt":"2025-12-01T15:52:17","guid":{"rendered":"https:\/\/www.evearly.news\/fr\/cupra-raval-la-citadine-electrique-est-promise-a-partir-de-26-000-e\/"},"modified":"2025-12-01T16:52:17","modified_gmt":"2025-12-01T15:52:17","slug":"cupra-raval-la-citadine-electrique-est-promise-a-partir-de-26-000-e","status":"publish","type":"post","link":"https:\/\/www.evearly.news\/fr\/cupra-raval-la-citadine-electrique-est-promise-a-partir-de-26-000-e\/","title":{"rendered":"Cupra Raval : la citadine \u00e9lectrique est promise \u00e0 partir de 26 000 \u20ac"},"content":{"rendered":"<p><img decoding=\"async\" width=\"500\" height=\"333\" src=\"https:\/\/www.evearly.news\/fr\/wp-content\/uploads\/sites\/6\/2025\/12\/cupra-raval-la-citadine-electrique-est-promise-a-partir-de-26-000-e.jpg\" class=\"attachment-1200x800 size-1200x800 wp-post-image\" alt=\"Cupra Raval Prototype\" loading=\"lazy\" srcset=\"https:\/\/www.evearly.news\/fr\/wp-content\/uploads\/sites\/6\/2025\/12\/cupra-raval-la-citadine-electrique-est-promise-a-partir-de-26-000-e.jpg 1536w, https:\/\/www.evearly.news\/fr\/wp-content\/uploads\/sites\/6\/2025\/12\/cupra-raval-la-citadine-electrique-est-promise-a-partir-de-26-000-e-1.jpg 1640w, https:\/\/www.evearly.news\/fr\/wp-content\/uploads\/sites\/6\/2025\/12\/cupra-raval-la-citadine-electrique-est-promise-a-partir-de-26-000-e-2.jpg 1024w, https:\/\/www.evearly.news\/fr\/wp-content\/uploads\/sites\/6\/2025\/12\/cupra-raval-la-citadine-electrique-est-promise-a-partir-de-26-000-e-3.jpg 140w, https:\/\/www.evearly.news\/fr\/wp-content\/uploads\/sites\/6\/2025\/12\/cupra-raval-la-citadine-electrique-est-promise-a-partir-de-26-000-e-4.jpg 768w, https:\/\/www.evearly.news\/fr\/wp-content\/uploads\/sites\/6\/2025\/12\/cupra-raval-la-citadine-electrique-est-promise-a-partir-de-26-000-e-5.jpg 700w, https:\/\/www.evearly.news\/fr\/wp-content\/uploads\/sites\/6\/2025\/12\/cupra-raval-la-citadine-electrique-est-promise-a-partir-de-26-000-e-6.jpg 960w, https:\/\/www.evearly.news\/fr\/wp-content\/uploads\/sites\/6\/2025\/12\/cupra-raval-la-citadine-electrique-est-promise-a-partir-de-26-000-e-7.jpg 100w, https:\/\/cdn.automobile-propre.com\/uploads\/2025\/12\/Cupra_Raval_Prototype_01.jpg 1920w\" sizes=\"auto, (max-width: 1200px) 100vw, 1200px\" \/><br \/>\nLe troisi\u00e8me mod\u00e8le \u00e9lectrique de Cupra arrive en 2026. La citadine Raval confirme quelques-unes de ses caract\u00e9ristiques et son prix\u2026\u00a0<a href=https:\/\/www.automobile-propre.com\/articles\/cupra-raval-la-citadine-electrique-est-promise-a-partir-de-26-000-e\/ target='bwindow'>Lire la suite&#8230;<\/a><\/p>\n","protected":false},"excerpt":{"rendered":"<p>&#8230; <a class=\"continue-reading-link\" href=\"https:\/\/www.evearly.news\/fr\/cupra-raval-la-citadine-electrique-est-promise-a-partir-de-26-000-e\/\"><\/a><\/p>\n","protected":false},"author":8,"featured_media":313077,"comment_status":"closed","ping_status":"open","sticky":false,"template":"Default","format":"standard","meta":{"footnotes":""},"categories":[8],"tags":[],"class_list":["post-313076","post","type-post","status-publish","format-standard","has-post-thumbnail","hentry","category-automobile-propre"],"_links":{"self":[{"href":"https:\/\/www.evearly.news\/fr\/wp-json\/wp\/v2\/posts\/313076","targetHints":{"allow":["GET"]}}],"collection":[{"href":"https:\/\/www.evearly.news\/fr\/wp-json\/wp\/v2\/posts"}],"about":[{"href":"https:\/\/www.evearly.news\/fr\/wp-json\/wp\/v2\/types\/post"}],"author":[{"embeddable":true,"href":"https:\/\/www.evearly.news\/fr\/wp-json\/wp\/v2\/users\/8"}],"replies":[{"embeddable":true,"href":"https:\/\/www.evearly.news\/fr\/wp-json\/wp\/v2\/comments?post=313076"}],"version-history":[{"count":0,"href":"https:\/\/www.evearly.news\/fr\/wp-json\/wp\/v2\/posts\/313076\/revisions"}],"wp:featuredmedia":[{"embeddable":true,"href":"https:\/\/www.evearly.news\/fr\/wp-json\/wp\/v2\/media\/313077"}],"wp:attachment":[{"href":"https:\/\/www.evearly.news\/fr\/wp-json\/wp\/v2\/media?parent=313076"}],"wp:term":[{"taxonomy":"category","embeddable":true,"href":"https:\/\/www.evearly.news\/fr\/wp-json\/wp\/v2\/categories?post=313076"},{"taxonomy":"post_tag","embeddable":true,"href":"https:\/\/www.evearly.news\/fr\/wp-json\/wp\/v2\/tags?post=313076"}],"curies":[{"name":"wp","href":"https:\/\/api.w.org\/{rel}","templated":true}]}}