{"id":313082,"date":"2025-12-01T21:00:06","date_gmt":"2025-12-01T20:00:06","guid":{"rendered":"https:\/\/www.evearly.news\/fr\/elon-musk-confirme-il-ny-aura-jamais-de-moto-electrique-chez-tesla-pour-une-raison-tres-simple\/"},"modified":"2025-12-01T21:00:06","modified_gmt":"2025-12-01T20:00:06","slug":"elon-musk-confirme-il-ny-aura-jamais-de-moto-electrique-chez-tesla-pour-une-raison-tres-simple","status":"publish","type":"post","link":"https:\/\/www.evearly.news\/fr\/elon-musk-confirme-il-ny-aura-jamais-de-moto-electrique-chez-tesla-pour-une-raison-tres-simple\/","title":{"rendered":"Elon Musk confirme : il n\u2019y aura jamais de moto \u00e9lectrique chez Tesla pour une raison tr\u00e8s simple"},"content":{"rendered":"<p><img loading=\"lazy\" width=\"1200\" height=\"675\" src=\"https:\/\/www.evearly.news\/fr\/wp-content\/uploads\/sites\/6\/2025\/12\/elon-musk-confirme-il-ny-aura-jamais-de-moto-electrique-chez-tesla-pour-une-raison-tres-simple.jpg\" class=\"attachment-full size-full wp-post-image\" alt=\"Une photo en contre-plong\u00e9e d&#039;Elon Musk assis sur un fauteuil avec un fond noir derri\u00e8re\" decoding=\"async\" \/<br \/>\nElon Musk met fin aux rumeurs et confirme que Tesla ne proposera jamais de moto \u00e9lectrique. Cela pour des raisons de s\u00e9curit\u00e9, selon le PDG.<br \/>\n <a href=https:\/\/www.frandroid.com\/marques\/tesla\/2893069_elon-musk-confirme-il-ny-aura-jamais-de-moto-electrique-chez-tesla-pour-une-raison-tres-simple>Lire la suite&#8230;<\/a><\/p>\n","protected":false},"excerpt":{"rendered":"<p> <a class=\"continue-reading-link\" href=\"https:\/\/www.evearly.news\/fr\/elon-musk-confirme-il-ny-aura-jamais-de-moto-electrique-chez-tesla-pour-une-raison-tres-simple\/\"><\/a><\/p>\n","protected":false},"author":6,"featured_media":313083,"comment_status":"closed","ping_status":"open","sticky":false,"template":"Default","format":"standard","meta":{"footnotes":""},"categories":[6],"tags":[],"class_list":["post-313082","post","type-post","status-publish","format-standard","has-post-thumbnail","hentry","category-frandroid-moto"],"_links":{"self":[{"href":"https:\/\/www.evearly.news\/fr\/wp-json\/wp\/v2\/posts\/313082","targetHints":{"allow":["GET"]}}],"collection":[{"href":"https:\/\/www.evearly.news\/fr\/wp-json\/wp\/v2\/posts"}],"about":[{"href":"https:\/\/www.evearly.news\/fr\/wp-json\/wp\/v2\/types\/post"}],"author":[{"embeddable":true,"href":"https:\/\/www.evearly.news\/fr\/wp-json\/wp\/v2\/users\/6"}],"replies":[{"embeddable":true,"href":"https:\/\/www.evearly.news\/fr\/wp-json\/wp\/v2\/comments?post=313082"}],"version-history":[{"count":0,"href":"https:\/\/www.evearly.news\/fr\/wp-json\/wp\/v2\/posts\/313082\/revisions"}],"wp:featuredmedia":[{"embeddable":true,"href":"https:\/\/www.evearly.news\/fr\/wp-json\/wp\/v2\/media\/313083"}],"wp:attachment":[{"href":"https:\/\/www.evearly.news\/fr\/wp-json\/wp\/v2\/media?parent=313082"}],"wp:term":[{"taxonomy":"category","embeddable":true,"href":"https:\/\/www.evearly.news\/fr\/wp-json\/wp\/v2\/categories?post=313082"},{"taxonomy":"post_tag","embeddable":true,"href":"https:\/\/www.evearly.news\/fr\/wp-json\/wp\/v2\/tags?post=313082"}],"curies":[{"name":"wp","href":"https:\/\/api.w.org\/{rel}","templated":true}]}}