{"id":313084,"date":"2025-12-01T21:07:55","date_gmt":"2025-12-01T20:07:55","guid":{"rendered":"https:\/\/www.evearly.news\/fr\/part-de-marche-record-pour-la-voiture-electrique-en-novembre-2025-mais-un-succes-sous-perfusion\/"},"modified":"2025-12-01T21:07:55","modified_gmt":"2025-12-01T20:07:55","slug":"part-de-marche-record-pour-la-voiture-electrique-en-novembre-2025-mais-un-succes-sous-perfusion","status":"publish","type":"post","link":"https:\/\/www.evearly.news\/fr\/part-de-marche-record-pour-la-voiture-electrique-en-novembre-2025-mais-un-succes-sous-perfusion\/","title":{"rendered":"Part de march\u00e9 record pour la voiture \u00e9lectrique en novembre 2025, mais un succ\u00e8s sous perfusion"},"content":{"rendered":"<div class=\"media_block\"><img decoding=\"async\" src=\"https:\/\/www.evearly.news\/fr\/wp-content\/uploads\/sites\/6\/2025\/12\/part-de-marche-record-pour-la-voiture-electrique-en-novembre-2025-mais-un-succes-sous-perfusion.jpg\"><\/div>\n<p>Dans l\u2019imm\u00e9diat, un constat s\u2019impose : en moins de deux ans, la voiture \u00e9lectrique est pass\u00e9e d\u2019une niche m\u00e9diatis\u00e9e \u00e0 un quart du march\u00e9 fran\u00e7ais, avec une citadine fran\u00e7aise en t\u00eate et un g\u00e9ant am\u00e9ricain contraint de se r\u00e9inventer. Reste \u00e0 savoir si cette r\u00e9volution sous perfusion d&rsquo;aide publique trouvera, \u00e0 terme, son propre \u00e9quilibre \u00e9conomique. <a href=https:\/\/www.automobile-magazine.fr\/voitures-electriques\/article\/50293-part-de-marche-record-pour-la-voiture-electrique-en-novembre-2025-mais-un-succes-sous-perfusion target='bwindow'>Lire la suite&#8230;<\/a><\/p>\n","protected":false},"excerpt":{"rendered":"<div class=\"media_block\"><img decoding=\"async\" src=\"https:\/\/www.evearly.news\/fr\/wp-content\/uploads\/sites\/6\/2025\/12\/part-de-marche-record-pour-la-voiture-electrique-en-novembre-2025-mais-un-succes-sous-perfusion.jpg\"><\/div>\n<p> <a class=\"continue-reading-link\" href=\"https:\/\/www.evearly.news\/fr\/part-de-marche-record-pour-la-voiture-electrique-en-novembre-2025-mais-un-succes-sous-perfusion\/\"><\/a><\/p>\n","protected":false},"author":7,"featured_media":313085,"comment_status":"closed","ping_status":"open","sticky":false,"template":"Default","format":"standard","meta":{"footnotes":""},"categories":[7],"tags":[],"class_list":["post-313084","post","type-post","status-publish","format-standard","has-post-thumbnail","hentry","category-automobile-magazine"],"_links":{"self":[{"href":"https:\/\/www.evearly.news\/fr\/wp-json\/wp\/v2\/posts\/313084","targetHints":{"allow":["GET"]}}],"collection":[{"href":"https:\/\/www.evearly.news\/fr\/wp-json\/wp\/v2\/posts"}],"about":[{"href":"https:\/\/www.evearly.news\/fr\/wp-json\/wp\/v2\/types\/post"}],"author":[{"embeddable":true,"href":"https:\/\/www.evearly.news\/fr\/wp-json\/wp\/v2\/users\/7"}],"replies":[{"embeddable":true,"href":"https:\/\/www.evearly.news\/fr\/wp-json\/wp\/v2\/comments?post=313084"}],"version-history":[{"count":0,"href":"https:\/\/www.evearly.news\/fr\/wp-json\/wp\/v2\/posts\/313084\/revisions"}],"wp:featuredmedia":[{"embeddable":true,"href":"https:\/\/www.evearly.news\/fr\/wp-json\/wp\/v2\/media\/313085"}],"wp:attachment":[{"href":"https:\/\/www.evearly.news\/fr\/wp-json\/wp\/v2\/media?parent=313084"}],"wp:term":[{"taxonomy":"category","embeddable":true,"href":"https:\/\/www.evearly.news\/fr\/wp-json\/wp\/v2\/categories?post=313084"},{"taxonomy":"post_tag","embeddable":true,"href":"https:\/\/www.evearly.news\/fr\/wp-json\/wp\/v2\/tags?post=313084"}],"curies":[{"name":"wp","href":"https:\/\/api.w.org\/{rel}","templated":true}]}}