{"id":313086,"date":"2025-12-01T21:08:25","date_gmt":"2025-12-01T20:08:25","guid":{"rendered":"https:\/\/www.evearly.news\/fr\/nouvelle-nissan-leaf-2025-tous-les-prix-du-suv-compact-electrique\/"},"modified":"2025-12-01T21:08:25","modified_gmt":"2025-12-01T20:08:25","slug":"nouvelle-nissan-leaf-2025-tous-les-prix-du-suv-compact-electrique","status":"publish","type":"post","link":"https:\/\/www.evearly.news\/fr\/nouvelle-nissan-leaf-2025-tous-les-prix-du-suv-compact-electrique\/","title":{"rendered":"Nouvelle Nissan Leaf 2025 : tous les prix du SUV compact \u00e9lectrique"},"content":{"rendered":"<div class=\"media_block\"><img decoding=\"async\" src=\"https:\/\/www.evearly.news\/fr\/wp-content\/uploads\/sites\/6\/2025\/12\/nouvelle-nissan-leaf-2025-tous-les-prix-du-suv-compact-electrique.jpg\"><\/div>\n<p>La Nissan Leaf a longtemps \u00e9t\u00e9 l\u2019\u00e9lectrique la plus populaire dans le monde. C\u2019\u00e9tait lors de la d\u00e9cennie pr\u00e9c\u00e9dente, o\u00f9 la compacte \u00e9lectrique \u00e9tait non seulement l\u2019une des tr\u00e8s rares \u00e9lectriques grand public et o\u00f9, en plus, elle \u00e9tait vendue au sein de plusieurs march\u00e9s sur la plan\u00e8te. Apr\u00e8s des ann\u00e9es en perte de vitesse en raison d\u2019une concurrence toujours plus f\u00e9roce, la japonaise s\u2019est refait une beaut\u00e9 en 2025. La nouvelle Nissan Leaf d\u00e9voile aujourd\u2019hui tous ses prix. <a href=https:\/\/www.automobile-magazine.fr\/voitures-electriques\/article\/50295-nouvelle-nissan-leaf-2025-tous-les-prix-du-suv-compact-electrique target='bwindow'>Lire la suite&#8230;<\/a><\/p>\n","protected":false},"excerpt":{"rendered":"<div class=\"media_block\"><img decoding=\"async\" src=\"https:\/\/www.evearly.news\/fr\/wp-content\/uploads\/sites\/6\/2025\/12\/nouvelle-nissan-leaf-2025-tous-les-prix-du-suv-compact-electrique.jpg\"><\/div>\n<p> <a class=\"continue-reading-link\" href=\"https:\/\/www.evearly.news\/fr\/nouvelle-nissan-leaf-2025-tous-les-prix-du-suv-compact-electrique\/\"><\/a><\/p>\n","protected":false},"author":7,"featured_media":313087,"comment_status":"closed","ping_status":"open","sticky":false,"template":"Default","format":"standard","meta":{"footnotes":""},"categories":[7],"tags":[],"class_list":["post-313086","post","type-post","status-publish","format-standard","has-post-thumbnail","hentry","category-automobile-magazine"],"_links":{"self":[{"href":"https:\/\/www.evearly.news\/fr\/wp-json\/wp\/v2\/posts\/313086","targetHints":{"allow":["GET"]}}],"collection":[{"href":"https:\/\/www.evearly.news\/fr\/wp-json\/wp\/v2\/posts"}],"about":[{"href":"https:\/\/www.evearly.news\/fr\/wp-json\/wp\/v2\/types\/post"}],"author":[{"embeddable":true,"href":"https:\/\/www.evearly.news\/fr\/wp-json\/wp\/v2\/users\/7"}],"replies":[{"embeddable":true,"href":"https:\/\/www.evearly.news\/fr\/wp-json\/wp\/v2\/comments?post=313086"}],"version-history":[{"count":0,"href":"https:\/\/www.evearly.news\/fr\/wp-json\/wp\/v2\/posts\/313086\/revisions"}],"wp:featuredmedia":[{"embeddable":true,"href":"https:\/\/www.evearly.news\/fr\/wp-json\/wp\/v2\/media\/313087"}],"wp:attachment":[{"href":"https:\/\/www.evearly.news\/fr\/wp-json\/wp\/v2\/media?parent=313086"}],"wp:term":[{"taxonomy":"category","embeddable":true,"href":"https:\/\/www.evearly.news\/fr\/wp-json\/wp\/v2\/categories?post=313086"},{"taxonomy":"post_tag","embeddable":true,"href":"https:\/\/www.evearly.news\/fr\/wp-json\/wp\/v2\/tags?post=313086"}],"curies":[{"name":"wp","href":"https:\/\/api.w.org\/{rel}","templated":true}]}}