{"id":313090,"date":"2025-12-02T07:00:09","date_gmt":"2025-12-02T06:00:09","guid":{"rendered":"https:\/\/www.evearly.news\/fr\/le-mercedes-esprinter-desormais-propose-en-version-chassis-cabine\/"},"modified":"2025-12-02T07:00:09","modified_gmt":"2025-12-02T06:00:09","slug":"le-mercedes-esprinter-desormais-propose-en-version-chassis-cabine","status":"publish","type":"post","link":"https:\/\/www.evearly.news\/fr\/le-mercedes-esprinter-desormais-propose-en-version-chassis-cabine\/","title":{"rendered":"Le Mercedes eSprinter d\u00e9sormais propos\u00e9 en version ch\u00e2ssis-cabine"},"content":{"rendered":"<p><img width=\"1000\" height=\"563\" src=\"https:\/\/www.evearly.news\/fr\/wp-content\/uploads\/sites\/6\/2025\/12\/le-mercedes-esprinter-desormais-propose-en-version-chassis-cabine.jpg\" class=\"attachment-post-thumbnail size-post-thumbnail wp-post-image\" alt=\"Mercedes eSprinter ch\u00e2ssis-cabine\" decoding=\"async\" fetchpriority=\"high\" srcset=\"https:\/\/www.evearly.news\/fr\/wp-content\/uploads\/sites\/6\/2025\/12\/le-mercedes-esprinter-desormais-propose-en-version-chassis-cabine.jpg 1000w, https:\/\/www.evearly.news\/fr\/wp-content\/uploads\/sites\/6\/2025\/12\/le-mercedes-esprinter-desormais-propose-en-version-chassis-cabine-1.jpg 300w, https:\/\/www.evearly.news\/fr\/wp-content\/uploads\/sites\/6\/2025\/12\/le-mercedes-esprinter-desormais-propose-en-version-chassis-cabine-2.jpg 998w, https:\/\/www.avem.fr\/wp-content\/uploads\/2025\/12\/ACTF1202_eSprintChass4-768x432.jpg 768w\" sizes=\"(max-width: 1000px) 100vw, 1000px\" \/>Faisant constamment \u00e9voluer ses utilitaires \u00e9lectriques depuis le eVito de 2018, Mercedes-Benz ajoute pour la premi\u00e8re fois \u00e0 sa gamme branch\u00e9e le eSprinter en version ch\u00e2ssis-cabine. Avec lui, les professionnels pourront disposer d\u2019un am\u00e9nagement au plus pr\u00e8s de leur activit\u00e9. \u00a0 Une foule d\u2019am\u00e9nagements possibles Plusieurs configurations sont d\u00e9j\u00e0 propos\u00e9es [\u2026] <a href=https:\/\/www.avem.fr\/2025\/12\/02\/le-mercedes-esprinter-desormais-propose-en-version-chassis-cabine\/ target=blank>Lire la suite&#8230;<\/a><\/p>\n","protected":false},"excerpt":{"rendered":"<p><img loading=\"lazy\" decoding=\"async\" width=\"1000\" height=\"563\" src=\"https:\/\/www.evearly.news\/fr\/wp-content\/uploads\/sites\/6\/2025\/12\/le-mercedes-esprinter-desormais-propose-en-version-chassis-cabine.jpg\" class=\"attachment-post-thumbnail size-post-thumbnail wp-post-image\" alt=\"Mercedes eSprinter ch\u00e2ssis-cabine\" \/>Faisant constamment \u00e9voluer ses utilitaires \u00e9lectriques depuis le eVito de 2018, Mercedes-Benz ajoute pour la premi\u00e8re fois \u00e0 sa gamme branch\u00e9e le eSprinter en version ch\u00e2ssis-cabine. Avec lui, les professionnels pourront disposer d\u2019un am\u00e9nagement au plus pr\u00e8s de leur activit\u00e9. \u00a0 Une foule d\u2019am\u00e9nagements possibles Plusieurs configurations sont d\u00e9j\u00e0 propos\u00e9es [\u2026] <a class=\"continue-reading-link\" href=\"https:\/\/www.evearly.news\/fr\/le-mercedes-esprinter-desormais-propose-en-version-chassis-cabine\/\"><\/a><\/p>\n","protected":false},"author":3,"featured_media":313091,"comment_status":"closed","ping_status":"open","sticky":false,"template":"Default","format":"standard","meta":{"footnotes":""},"categories":[3],"tags":[],"class_list":["post-313090","post","type-post","status-publish","format-standard","has-post-thumbnail","hentry","category-avem"],"_links":{"self":[{"href":"https:\/\/www.evearly.news\/fr\/wp-json\/wp\/v2\/posts\/313090","targetHints":{"allow":["GET"]}}],"collection":[{"href":"https:\/\/www.evearly.news\/fr\/wp-json\/wp\/v2\/posts"}],"about":[{"href":"https:\/\/www.evearly.news\/fr\/wp-json\/wp\/v2\/types\/post"}],"author":[{"embeddable":true,"href":"https:\/\/www.evearly.news\/fr\/wp-json\/wp\/v2\/users\/3"}],"replies":[{"embeddable":true,"href":"https:\/\/www.evearly.news\/fr\/wp-json\/wp\/v2\/comments?post=313090"}],"version-history":[{"count":0,"href":"https:\/\/www.evearly.news\/fr\/wp-json\/wp\/v2\/posts\/313090\/revisions"}],"wp:featuredmedia":[{"embeddable":true,"href":"https:\/\/www.evearly.news\/fr\/wp-json\/wp\/v2\/media\/313091"}],"wp:attachment":[{"href":"https:\/\/www.evearly.news\/fr\/wp-json\/wp\/v2\/media?parent=313090"}],"wp:term":[{"taxonomy":"category","embeddable":true,"href":"https:\/\/www.evearly.news\/fr\/wp-json\/wp\/v2\/categories?post=313090"},{"taxonomy":"post_tag","embeddable":true,"href":"https:\/\/www.evearly.news\/fr\/wp-json\/wp\/v2\/tags?post=313090"}],"curies":[{"name":"wp","href":"https:\/\/api.w.org\/{rel}","templated":true}]}}