{"id":313094,"date":"2025-12-02T08:01:40","date_gmt":"2025-12-02T07:01:40","guid":{"rendered":"https:\/\/www.evearly.news\/fr\/20-fois-moins-quun-micro-ondes-halte-aux-idees-recues-avec-cette-etonnante-etude-sur-les-voitures-electriques\/"},"modified":"2025-12-02T08:01:40","modified_gmt":"2025-12-02T07:01:40","slug":"20-fois-moins-quun-micro-ondes-halte-aux-idees-recues-avec-cette-etonnante-etude-sur-les-voitures-electriques","status":"publish","type":"post","link":"https:\/\/www.evearly.news\/fr\/20-fois-moins-quun-micro-ondes-halte-aux-idees-recues-avec-cette-etonnante-etude-sur-les-voitures-electriques\/","title":{"rendered":"\u00ab\u00a020 fois moins qu&rsquo;un micro-ondes\u00a0\u00bb : halte aux id\u00e9es re\u00e7ues avec cette \u00e9tonnante \u00e9tude sur les voitures \u00e9lectriques"},"content":{"rendered":"<div class=\"media_block\"><img decoding=\"async\" src=\"https:\/\/www.evearly.news\/fr\/wp-content\/uploads\/sites\/6\/2025\/12\/20-fois-moins-quun-micro-ondes-halte-aux-idees-recues-avec-cette-etonnante-etude-sur-les-voitures-electriques.jpg\"><\/div>\n<p>Rouler au-dessus d\u2019une \u00e9norme batterie et d&rsquo;un moteur \u00e9lectrique g\u00e9n\u00e8re-t-il un champs \u00e9lectrique et magn\u00e9tique dangereux ? Une nouvelle \u00e9tude l\u00e8ve le voile et rassure : les champs magn\u00e9tiques sont inf\u00e9rieurs ou \u00e9gales aux thermiques et m\u00eame souvent moins que des \u00e9l\u00e9ments \u00e9lectrom\u00e9nagers. D&rsquo;ailleurs, l&rsquo;\u00e9tude r\u00e9v\u00e8le que la source la plus \u00e9mettrice de rayonnement est un \u00e9l\u00e9ment de confort de plus en plus commun. <a href=https:\/\/www.automobile-magazine.fr\/voitures-electriques\/article\/50297-20-fois-moins-quun-micro-ondes-halte-aux-idees-recues-avec-cette-etonnante-etude-sur-les-voitures-electriques target='bwindow'>Lire la suite&#8230;<\/a><\/p>\n","protected":false},"excerpt":{"rendered":"<div class=\"media_block\"><img decoding=\"async\" src=\"https:\/\/www.evearly.news\/fr\/wp-content\/uploads\/sites\/6\/2025\/12\/20-fois-moins-quun-micro-ondes-halte-aux-idees-recues-avec-cette-etonnante-etude-sur-les-voitures-electriques.jpg\"><\/div>\n<p> <a class=\"continue-reading-link\" href=\"https:\/\/www.evearly.news\/fr\/20-fois-moins-quun-micro-ondes-halte-aux-idees-recues-avec-cette-etonnante-etude-sur-les-voitures-electriques\/\"><\/a><\/p>\n","protected":false},"author":7,"featured_media":313095,"comment_status":"closed","ping_status":"open","sticky":false,"template":"Default","format":"standard","meta":{"footnotes":""},"categories":[7],"tags":[],"class_list":["post-313094","post","type-post","status-publish","format-standard","has-post-thumbnail","hentry","category-automobile-magazine"],"_links":{"self":[{"href":"https:\/\/www.evearly.news\/fr\/wp-json\/wp\/v2\/posts\/313094","targetHints":{"allow":["GET"]}}],"collection":[{"href":"https:\/\/www.evearly.news\/fr\/wp-json\/wp\/v2\/posts"}],"about":[{"href":"https:\/\/www.evearly.news\/fr\/wp-json\/wp\/v2\/types\/post"}],"author":[{"embeddable":true,"href":"https:\/\/www.evearly.news\/fr\/wp-json\/wp\/v2\/users\/7"}],"replies":[{"embeddable":true,"href":"https:\/\/www.evearly.news\/fr\/wp-json\/wp\/v2\/comments?post=313094"}],"version-history":[{"count":0,"href":"https:\/\/www.evearly.news\/fr\/wp-json\/wp\/v2\/posts\/313094\/revisions"}],"wp:featuredmedia":[{"embeddable":true,"href":"https:\/\/www.evearly.news\/fr\/wp-json\/wp\/v2\/media\/313095"}],"wp:attachment":[{"href":"https:\/\/www.evearly.news\/fr\/wp-json\/wp\/v2\/media?parent=313094"}],"wp:term":[{"taxonomy":"category","embeddable":true,"href":"https:\/\/www.evearly.news\/fr\/wp-json\/wp\/v2\/categories?post=313094"},{"taxonomy":"post_tag","embeddable":true,"href":"https:\/\/www.evearly.news\/fr\/wp-json\/wp\/v2\/tags?post=313094"}],"curies":[{"name":"wp","href":"https:\/\/api.w.org\/{rel}","templated":true}]}}