{"id":313096,"date":"2025-12-02T08:04:35","date_gmt":"2025-12-02T07:04:35","guid":{"rendered":"https:\/\/www.evearly.news\/fr\/byd-sealion-5-dm-i-un-grand-suv-hybride-rechargeaale-a-prix-canon\/"},"modified":"2025-12-02T08:04:35","modified_gmt":"2025-12-02T07:04:35","slug":"byd-sealion-5-dm-i-un-grand-suv-hybride-rechargeaale-a-prix-canon","status":"publish","type":"post","link":"https:\/\/www.evearly.news\/fr\/byd-sealion-5-dm-i-un-grand-suv-hybride-rechargeaale-a-prix-canon\/","title":{"rendered":"BYD Sealion 5 DM-i : un grand SUV hybride rechargeaale \u00e0 prix canon"},"content":{"rendered":"<p><img decoding=\"async\" width=\"500\" height=\"333\" src=\"https:\/\/www.evearly.news\/fr\/wp-content\/uploads\/sites\/6\/2025\/12\/byd-sealion-5-dm-i-un-grand-suv-hybride-rechargeaale-a-prix-canon.webp\" class=\"attachment-1200x800 size-1200x800 wp-post-image\" alt=\"\" loading=\"lazy\" srcset=\"https:\/\/www.evearly.news\/fr\/wp-content\/uploads\/sites\/6\/2025\/12\/byd-sealion-5-dm-i-un-grand-suv-hybride-rechargeaale-a-prix-canon.webp 1920w, https:\/\/www.evearly.news\/fr\/wp-content\/uploads\/sites\/6\/2025\/12\/byd-sealion-5-dm-i-un-grand-suv-hybride-rechargeaale-a-prix-canon-1.webp 1640w, https:\/\/www.evearly.news\/fr\/wp-content\/uploads\/sites\/6\/2025\/12\/byd-sealion-5-dm-i-un-grand-suv-hybride-rechargeaale-a-prix-canon-2.webp 1024w, https:\/\/www.evearly.news\/fr\/wp-content\/uploads\/sites\/6\/2025\/12\/byd-sealion-5-dm-i-un-grand-suv-hybride-rechargeaale-a-prix-canon-3.webp 768w, https:\/\/www.evearly.news\/fr\/wp-content\/uploads\/sites\/6\/2025\/12\/byd-sealion-5-dm-i-un-grand-suv-hybride-rechargeaale-a-prix-canon-4.webp 1536w, https:\/\/www.evearly.news\/fr\/wp-content\/uploads\/sites\/6\/2025\/12\/byd-sealion-5-dm-i-un-grand-suv-hybride-rechargeaale-a-prix-canon-5.webp 700w, https:\/\/cdn.automobile-propre.com\/uploads\/2025\/12\/BYD_Sealion-5_DMi_03-960x480.webp 960w\" sizes=\"auto, (max-width: 1200px) 100vw, 1200px\" \/><br \/>\nLe rythme des lancements s&rsquo;acc\u00e9l\u00e8re chez BYD, car voici d\u00e9j\u00e0 le quatri\u00e8me mod\u00e8le hybride rechargeable du constructeur chinois en Europe.\u2026\u00a0<a href=https:\/\/www.automobile-propre.com\/articles\/byd-sealion-5-dm-i-un-grand-suv-hybride-rechargeaale-a-prix-canon\/ target='bwindow'>Lire la suite&#8230;<\/a><\/p>\n","protected":false},"excerpt":{"rendered":"<p>&#8230; <a class=\"continue-reading-link\" href=\"https:\/\/www.evearly.news\/fr\/byd-sealion-5-dm-i-un-grand-suv-hybride-rechargeaale-a-prix-canon\/\"><\/a><\/p>\n","protected":false},"author":8,"featured_media":313097,"comment_status":"closed","ping_status":"open","sticky":false,"template":"Default","format":"standard","meta":{"footnotes":""},"categories":[8],"tags":[],"class_list":["post-313096","post","type-post","status-publish","format-standard","has-post-thumbnail","hentry","category-automobile-propre"],"_links":{"self":[{"href":"https:\/\/www.evearly.news\/fr\/wp-json\/wp\/v2\/posts\/313096","targetHints":{"allow":["GET"]}}],"collection":[{"href":"https:\/\/www.evearly.news\/fr\/wp-json\/wp\/v2\/posts"}],"about":[{"href":"https:\/\/www.evearly.news\/fr\/wp-json\/wp\/v2\/types\/post"}],"author":[{"embeddable":true,"href":"https:\/\/www.evearly.news\/fr\/wp-json\/wp\/v2\/users\/8"}],"replies":[{"embeddable":true,"href":"https:\/\/www.evearly.news\/fr\/wp-json\/wp\/v2\/comments?post=313096"}],"version-history":[{"count":0,"href":"https:\/\/www.evearly.news\/fr\/wp-json\/wp\/v2\/posts\/313096\/revisions"}],"wp:featuredmedia":[{"embeddable":true,"href":"https:\/\/www.evearly.news\/fr\/wp-json\/wp\/v2\/media\/313097"}],"wp:attachment":[{"href":"https:\/\/www.evearly.news\/fr\/wp-json\/wp\/v2\/media?parent=313096"}],"wp:term":[{"taxonomy":"category","embeddable":true,"href":"https:\/\/www.evearly.news\/fr\/wp-json\/wp\/v2\/categories?post=313096"},{"taxonomy":"post_tag","embeddable":true,"href":"https:\/\/www.evearly.news\/fr\/wp-json\/wp\/v2\/tags?post=313096"}],"curies":[{"name":"wp","href":"https:\/\/api.w.org\/{rel}","templated":true}]}}