{"id":313102,"date":"2025-12-02T10:02:18","date_gmt":"2025-12-02T09:02:18","guid":{"rendered":"https:\/\/www.evearly.news\/fr\/chargemap-business-integre-le-telepeage-une-gestion-unifiee-pour-les-flottes-electriques\/"},"modified":"2025-12-02T10:02:18","modified_gmt":"2025-12-02T09:02:18","slug":"chargemap-business-integre-le-telepeage-une-gestion-unifiee-pour-les-flottes-electriques","status":"publish","type":"post","link":"https:\/\/www.evearly.news\/fr\/chargemap-business-integre-le-telepeage-une-gestion-unifiee-pour-les-flottes-electriques\/","title":{"rendered":"Chargemap Business int\u00e8gre le t\u00e9l\u00e9p\u00e9age : une gestion unifi\u00e9e pour les flottes \u00e9lectriques"},"content":{"rendered":"<p><img decoding=\"async\" width=\"500\" height=\"333\" src=\"https:\/\/www.evearly.news\/fr\/wp-content\/uploads\/sites\/6\/2025\/12\/chargemap-business-integre-le-telepeage-une-gestion-unifiee-pour-les-flottes-electriques.jpg\" class=\"attachment-1200x800 size-1200x800 wp-post-image\" alt=\"\" loading=\"lazy\" srcset=\"https:\/\/www.evearly.news\/fr\/wp-content\/uploads\/sites\/6\/2025\/12\/chargemap-business-integre-le-telepeage-une-gestion-unifiee-pour-les-flottes-electriques.jpg 1680w, https:\/\/www.evearly.news\/fr\/wp-content\/uploads\/sites\/6\/2025\/12\/chargemap-business-integre-le-telepeage-une-gestion-unifiee-pour-les-flottes-electriques-1.jpg 1640w, https:\/\/www.evearly.news\/fr\/wp-content\/uploads\/sites\/6\/2025\/12\/chargemap-business-integre-le-telepeage-une-gestion-unifiee-pour-les-flottes-electriques-2.jpg 1024w, https:\/\/www.evearly.news\/fr\/wp-content\/uploads\/sites\/6\/2025\/12\/chargemap-business-integre-le-telepeage-une-gestion-unifiee-pour-les-flottes-electriques-3.jpg 768w, https:\/\/www.evearly.news\/fr\/wp-content\/uploads\/sites\/6\/2025\/12\/chargemap-business-integre-le-telepeage-une-gestion-unifiee-pour-les-flottes-electriques-4.jpg 1536w, https:\/\/www.evearly.news\/fr\/wp-content\/uploads\/sites\/6\/2025\/12\/chargemap-business-integre-le-telepeage-une-gestion-unifiee-pour-les-flottes-electriques-5.jpg 623w, https:\/\/cdn.automobile-propre.com\/uploads\/2025\/12\/Chargemap-Business-Telepeage-4-3-960x720.jpg 960w\" sizes=\"auto, (max-width: 1067px) 100vw, 1067px\" \/><br \/>\nChargemap Business enrichit sa plateforme d\u00e9di\u00e9e aux flottes \u00e9lectriques avec l\u2019arriv\u00e9e d\u2019un service de t\u00e9l\u00e9p\u00e9age int\u00e9gr\u00e9. P\u00e9ages, parkings et recharge\u2026\u00a0<a href=https:\/\/www.automobile-propre.com\/articles\/chargemap-business-integre-le-telepeage-une-gestion-unifiee-pour-les-flottes-electriques\/ target='bwindow'>Lire la suite&#8230;<\/a><\/p>\n","protected":false},"excerpt":{"rendered":"<p>&#8230; <a class=\"continue-reading-link\" href=\"https:\/\/www.evearly.news\/fr\/chargemap-business-integre-le-telepeage-une-gestion-unifiee-pour-les-flottes-electriques\/\"><\/a><\/p>\n","protected":false},"author":8,"featured_media":313103,"comment_status":"closed","ping_status":"open","sticky":false,"template":"Default","format":"standard","meta":{"footnotes":""},"categories":[8],"tags":[],"class_list":["post-313102","post","type-post","status-publish","format-standard","has-post-thumbnail","hentry","category-automobile-propre"],"_links":{"self":[{"href":"https:\/\/www.evearly.news\/fr\/wp-json\/wp\/v2\/posts\/313102","targetHints":{"allow":["GET"]}}],"collection":[{"href":"https:\/\/www.evearly.news\/fr\/wp-json\/wp\/v2\/posts"}],"about":[{"href":"https:\/\/www.evearly.news\/fr\/wp-json\/wp\/v2\/types\/post"}],"author":[{"embeddable":true,"href":"https:\/\/www.evearly.news\/fr\/wp-json\/wp\/v2\/users\/8"}],"replies":[{"embeddable":true,"href":"https:\/\/www.evearly.news\/fr\/wp-json\/wp\/v2\/comments?post=313102"}],"version-history":[{"count":0,"href":"https:\/\/www.evearly.news\/fr\/wp-json\/wp\/v2\/posts\/313102\/revisions"}],"wp:featuredmedia":[{"embeddable":true,"href":"https:\/\/www.evearly.news\/fr\/wp-json\/wp\/v2\/media\/313103"}],"wp:attachment":[{"href":"https:\/\/www.evearly.news\/fr\/wp-json\/wp\/v2\/media?parent=313102"}],"wp:term":[{"taxonomy":"category","embeddable":true,"href":"https:\/\/www.evearly.news\/fr\/wp-json\/wp\/v2\/categories?post=313102"},{"taxonomy":"post_tag","embeddable":true,"href":"https:\/\/www.evearly.news\/fr\/wp-json\/wp\/v2\/tags?post=313102"}],"curies":[{"name":"wp","href":"https:\/\/api.w.org\/{rel}","templated":true}]}}