{"id":313104,"date":"2025-12-02T10:26:55","date_gmt":"2025-12-02T09:26:55","guid":{"rendered":"https:\/\/www.evearly.news\/fr\/record-de-ventes-carton-plein-de-tesla-au-pays-de-la-voiture-electrique\/"},"modified":"2025-12-02T10:26:55","modified_gmt":"2025-12-02T09:26:55","slug":"record-de-ventes-carton-plein-de-tesla-au-pays-de-la-voiture-electrique","status":"publish","type":"post","link":"https:\/\/www.evearly.news\/fr\/record-de-ventes-carton-plein-de-tesla-au-pays-de-la-voiture-electrique\/","title":{"rendered":"Record de ventes : carton plein de Tesla au pays de la voiture \u00e9lectrique"},"content":{"rendered":"<div class=\"media_block\"><img decoding=\"async\" src=\"https:\/\/www.evearly.news\/fr\/wp-content\/uploads\/sites\/6\/2025\/12\/record-de-ventes-carton-plein-de-tesla-au-pays-de-la-voiture-electrique.jpg\"><\/div>\n<p>Alors que les immatriculations de Tesla d\u00e9gringolent dans les pays membres de l\u2019Union europ\u00e9enne, le constructeur am\u00e9ricain de v\u00e9hicules \u00e9lectriques vient de battre un nouveau record en Norv\u00e8ge. Dans ce march\u00e9 presque enti\u00e8rement \u00e9lectrique, les ventes explosent avant, peut-\u00eatre, un durcissement fiscal d\u00e8s l\u2019ann\u00e9e prochaine. Une \u00e9p\u00e9e de Damocl\u00e8s, qui pousse les automobilistes norv\u00e9giens \u00e0 se ruer en concession. <a href=https:\/\/www.automobile-magazine.fr\/voitures-electriques\/article\/50298-record-de-ventes-carton-plein-de-tesla-au-pays-de-la-voiture-electrique target='bwindow'>Lire la suite&#8230;<\/a><\/p>\n","protected":false},"excerpt":{"rendered":"<div class=\"media_block\"><img decoding=\"async\" src=\"https:\/\/www.evearly.news\/fr\/wp-content\/uploads\/sites\/6\/2025\/12\/record-de-ventes-carton-plein-de-tesla-au-pays-de-la-voiture-electrique.jpg\"><\/div>\n<p> <a class=\"continue-reading-link\" href=\"https:\/\/www.evearly.news\/fr\/record-de-ventes-carton-plein-de-tesla-au-pays-de-la-voiture-electrique\/\"><\/a><\/p>\n","protected":false},"author":7,"featured_media":313105,"comment_status":"closed","ping_status":"open","sticky":false,"template":"Default","format":"standard","meta":{"footnotes":""},"categories":[7],"tags":[],"class_list":["post-313104","post","type-post","status-publish","format-standard","has-post-thumbnail","hentry","category-automobile-magazine"],"_links":{"self":[{"href":"https:\/\/www.evearly.news\/fr\/wp-json\/wp\/v2\/posts\/313104","targetHints":{"allow":["GET"]}}],"collection":[{"href":"https:\/\/www.evearly.news\/fr\/wp-json\/wp\/v2\/posts"}],"about":[{"href":"https:\/\/www.evearly.news\/fr\/wp-json\/wp\/v2\/types\/post"}],"author":[{"embeddable":true,"href":"https:\/\/www.evearly.news\/fr\/wp-json\/wp\/v2\/users\/7"}],"replies":[{"embeddable":true,"href":"https:\/\/www.evearly.news\/fr\/wp-json\/wp\/v2\/comments?post=313104"}],"version-history":[{"count":0,"href":"https:\/\/www.evearly.news\/fr\/wp-json\/wp\/v2\/posts\/313104\/revisions"}],"wp:featuredmedia":[{"embeddable":true,"href":"https:\/\/www.evearly.news\/fr\/wp-json\/wp\/v2\/media\/313105"}],"wp:attachment":[{"href":"https:\/\/www.evearly.news\/fr\/wp-json\/wp\/v2\/media?parent=313104"}],"wp:term":[{"taxonomy":"category","embeddable":true,"href":"https:\/\/www.evearly.news\/fr\/wp-json\/wp\/v2\/categories?post=313104"},{"taxonomy":"post_tag","embeddable":true,"href":"https:\/\/www.evearly.news\/fr\/wp-json\/wp\/v2\/tags?post=313104"}],"curies":[{"name":"wp","href":"https:\/\/api.w.org\/{rel}","templated":true}]}}