{"id":313110,"date":"2025-12-02T12:25:05","date_gmt":"2025-12-02T11:25:05","guid":{"rendered":"https:\/\/www.evearly.news\/fr\/lumieres-en-seine-byd-devoile-ses-technologies-electriques-et-hybrides\/"},"modified":"2025-12-02T12:25:05","modified_gmt":"2025-12-02T11:25:05","slug":"lumieres-en-seine-byd-devoile-ses-technologies-electriques-et-hybrides","status":"publish","type":"post","link":"https:\/\/www.evearly.news\/fr\/lumieres-en-seine-byd-devoile-ses-technologies-electriques-et-hybrides\/","title":{"rendered":"Lumi\u00e8res en Seine : BYD d\u00e9voile ses technologies \u00e9lectriques et hybrides"},"content":{"rendered":"<p><img decoding=\"async\" src=\"https:\/\/www.electriquemag.fr\/wp-content\/uploads\/2025\/11\/03.-LHD_Dynamic_Left-60\u00b0_download_JPG_5000PX_RGB.jpg\" alt=\"Lumi\u00e8res en Seine : BYD d\u00e9voile ses technologies \u00e9lectriques et hybrides\"><br \/>\u00c0 l\u2019occasion de la cinqui\u00e8me \u00e9dition de Lumi\u00e8res en Seine, le Domaine national de Saint-Cloud devient cette ann\u00e9e le th\u00e9\u00e2tre d\u2019une rencontre in\u00e9dite entre art lumineux et mobilit\u00e9 \u00e9lectrifi\u00e9e. Jusqu\u2019au 11 janvier 2026, de 17h00 \u00e0 23h00, les visiteurs peuvent d\u00e9couvrir trois mod\u00e8les phares de BYD, partenaire mobilit\u00e9 officiel de l\u2019\u00e9v\u00e9nement. Une mani\u00e8re originale de mettre en sc\u00e8ne l\u2019innovation automobile\u2026 <a href=https:\/\/www.electriquemag.fr\/lumieres-en-seine-byd-devoile-ses-technologies-electriques-et-hybrides\/ target='bwindow'>Lire la suite&#8230;<\/a><\/p>\n","protected":false},"excerpt":{"rendered":"<p>&#8230; <a class=\"continue-reading-link\" href=\"https:\/\/www.evearly.news\/fr\/lumieres-en-seine-byd-devoile-ses-technologies-electriques-et-hybrides\/\"><\/a><\/p>\n","protected":false},"author":13,"featured_media":0,"comment_status":"closed","ping_status":"open","sticky":false,"template":"Default","format":"standard","meta":{"footnotes":""},"categories":[13],"tags":[],"class_list":["post-313110","post","type-post","status-publish","format-standard","hentry","category-electriquemag"],"_links":{"self":[{"href":"https:\/\/www.evearly.news\/fr\/wp-json\/wp\/v2\/posts\/313110","targetHints":{"allow":["GET"]}}],"collection":[{"href":"https:\/\/www.evearly.news\/fr\/wp-json\/wp\/v2\/posts"}],"about":[{"href":"https:\/\/www.evearly.news\/fr\/wp-json\/wp\/v2\/types\/post"}],"author":[{"embeddable":true,"href":"https:\/\/www.evearly.news\/fr\/wp-json\/wp\/v2\/users\/13"}],"replies":[{"embeddable":true,"href":"https:\/\/www.evearly.news\/fr\/wp-json\/wp\/v2\/comments?post=313110"}],"version-history":[{"count":0,"href":"https:\/\/www.evearly.news\/fr\/wp-json\/wp\/v2\/posts\/313110\/revisions"}],"wp:attachment":[{"href":"https:\/\/www.evearly.news\/fr\/wp-json\/wp\/v2\/media?parent=313110"}],"wp:term":[{"taxonomy":"category","embeddable":true,"href":"https:\/\/www.evearly.news\/fr\/wp-json\/wp\/v2\/categories?post=313110"},{"taxonomy":"post_tag","embeddable":true,"href":"https:\/\/www.evearly.news\/fr\/wp-json\/wp\/v2\/tags?post=313110"}],"curies":[{"name":"wp","href":"https:\/\/api.w.org\/{rel}","templated":true}]}}