{"id":313115,"date":"2025-12-02T12:41:16","date_gmt":"2025-12-02T11:41:16","guid":{"rendered":"https:\/\/www.evearly.news\/fr\/bascule-chez-byd-linvasion-internationale-commence-vraiment-et-les-voitures-electriques-se-vendent-mieux-que-les-hybrides\/"},"modified":"2025-12-02T12:41:16","modified_gmt":"2025-12-02T11:41:16","slug":"bascule-chez-byd-linvasion-internationale-commence-vraiment-et-les-voitures-electriques-se-vendent-mieux-que-les-hybrides","status":"publish","type":"post","link":"https:\/\/www.evearly.news\/fr\/bascule-chez-byd-linvasion-internationale-commence-vraiment-et-les-voitures-electriques-se-vendent-mieux-que-les-hybrides\/","title":{"rendered":"Bascule chez BYD : l\u2019invasion internationale commence vraiment et les voitures \u00e9lectriques se vendent mieux que les hybrides"},"content":{"rendered":"<p><img width=\"1200\" height=\"675\" src=\"https:\/\/www.evearly.news\/fr\/wp-content\/uploads\/sites\/6\/2025\/12\/bascule-chez-byd-linvasion-internationale-commence-vraiment-et-les-voitures-electriques-se-vendent-mieux-que-les-hybrides.jpg\" class=\"attachment-full size-full wp-post-image\" alt=\"\" decoding=\"async\" loading=\"lazy\" \/<br \/>\nSi les r\u00e9sultats de BYD \u00e9taient en demi-teinte au 3\u1d49 trimestre 2025, les choses semblent s\u2019\u00eatre arrang\u00e9es. Le g\u00e9ant chinois a vu ses ventes de voitures \u00e9lectriques s\u2019envoler en novembre, et il cartonne surtout \u00e0 l\u2019\u00e9tranger.<br \/>\n <a href=https:\/\/www.frandroid.com\/marques\/byd\/2895049_bascule-chez-byd-linvasion-internationale-commence-vraiment-et-les-voitures-electriques-se-vendent-mieux-que-les-hybrides target='blank'>Lire la suite&#8230;<\/a><\/p>\n","protected":false},"excerpt":{"rendered":"<p>&lt;img width=&quot;1200&quot; height=&quot;675&quot; src=&quot;https:\/\/www.evearly.news\/fr\/wp-content\/uploads\/sites\/6\/2025\/12\/bascule-chez-byd-linvasion-internationale-commence-vraiment-et-les-voitures-electriques-se-vendent-mieux-que-les-hybrides.jpg&quot; class=&quot;attachment-full size-full wp-post-image&quot; alt=&quot;&quot; decoding=&quot;async&quot; loading=&quot;lazy&quot; \/<br \/>\nSi les r\u00e9sultats de BYD \u00e9taient en demi-teinte au 3\u1d49 trimestre 2025, les choses semblent s\u2019\u00eatre arrang\u00e9es. Le g\u00e9ant chinois a vu ses ventes de voitures \u00e9lectriques s\u2019envoler en novembre, et il cartonne surtout \u00e0 l\u2019\u00e9tranger.\n<\/p>\n<p> <a class=\"continue-reading-link\" href=\"https:\/\/www.evearly.news\/fr\/bascule-chez-byd-linvasion-internationale-commence-vraiment-et-les-voitures-electriques-se-vendent-mieux-que-les-hybrides\/\"><\/a><\/p>\n","protected":false},"author":6,"featured_media":313116,"comment_status":"closed","ping_status":"open","sticky":false,"template":"Default","format":"standard","meta":{"footnotes":""},"categories":[14],"tags":[],"class_list":["post-313115","post","type-post","status-publish","format-standard","has-post-thumbnail","hentry","category-frandroid"],"_links":{"self":[{"href":"https:\/\/www.evearly.news\/fr\/wp-json\/wp\/v2\/posts\/313115","targetHints":{"allow":["GET"]}}],"collection":[{"href":"https:\/\/www.evearly.news\/fr\/wp-json\/wp\/v2\/posts"}],"about":[{"href":"https:\/\/www.evearly.news\/fr\/wp-json\/wp\/v2\/types\/post"}],"author":[{"embeddable":true,"href":"https:\/\/www.evearly.news\/fr\/wp-json\/wp\/v2\/users\/6"}],"replies":[{"embeddable":true,"href":"https:\/\/www.evearly.news\/fr\/wp-json\/wp\/v2\/comments?post=313115"}],"version-history":[{"count":0,"href":"https:\/\/www.evearly.news\/fr\/wp-json\/wp\/v2\/posts\/313115\/revisions"}],"wp:featuredmedia":[{"embeddable":true,"href":"https:\/\/www.evearly.news\/fr\/wp-json\/wp\/v2\/media\/313116"}],"wp:attachment":[{"href":"https:\/\/www.evearly.news\/fr\/wp-json\/wp\/v2\/media?parent=313115"}],"wp:term":[{"taxonomy":"category","embeddable":true,"href":"https:\/\/www.evearly.news\/fr\/wp-json\/wp\/v2\/categories?post=313115"},{"taxonomy":"post_tag","embeddable":true,"href":"https:\/\/www.evearly.news\/fr\/wp-json\/wp\/v2\/tags?post=313115"}],"curies":[{"name":"wp","href":"https:\/\/api.w.org\/{rel}","templated":true}]}}