{"id":313117,"date":"2025-12-02T12:41:33","date_gmt":"2025-12-02T11:41:33","guid":{"rendered":"https:\/\/www.evearly.news\/fr\/jeep-arrive-fort-en-europe-avec-ces-deux-nouvelles-voitures-electriques-pratiques-qui-sentent-bon-laventure\/"},"modified":"2025-12-02T12:41:33","modified_gmt":"2025-12-02T11:41:33","slug":"jeep-arrive-fort-en-europe-avec-ces-deux-nouvelles-voitures-electriques-pratiques-qui-sentent-bon-laventure","status":"publish","type":"post","link":"https:\/\/www.evearly.news\/fr\/jeep-arrive-fort-en-europe-avec-ces-deux-nouvelles-voitures-electriques-pratiques-qui-sentent-bon-laventure\/","title":{"rendered":"Jeep arrive fort en Europe avec ces deux nouvelles voitures \u00e9lectriques pratiques qui sentent bon l\u2019aventure"},"content":{"rendered":"<p><img width=\"1200\" height=\"675\" src=\"https:\/\/www.evearly.news\/fr\/wp-content\/uploads\/sites\/6\/2025\/12\/jeep-arrive-fort-en-europe-avec-ces-deux-nouvelles-voitures-electriques-pratiques-qui-sentent-bon-laventure.jpg\" class=\"attachment-full size-full wp-post-image\" alt=\"\" decoding=\"async\" loading=\"lazy\" \/<br \/>\nSi Jeep commercialise d\u00e9j\u00e0 son Avenger, il veut \u00e9toffer encore sa gamme de voitures \u00e9lectriques en Europe. Au programme, deux SUV aux philosophies bien diff\u00e9rentes qui verront le jour en 2026.<br \/>\n <a href=https:\/\/www.frandroid.com\/marques\/jeep\/2894977_jeep-arrive-fort-en-europe-avec-ces-deux-nouvelles-voitures-electriques-pratiques-qui-sentent-bon-laventure target='blank'>Lire la suite&#8230;<\/a><\/p>\n","protected":false},"excerpt":{"rendered":"<p>&lt;img width=&quot;1200&quot; height=&quot;675&quot; src=&quot;https:\/\/www.evearly.news\/fr\/wp-content\/uploads\/sites\/6\/2025\/12\/jeep-arrive-fort-en-europe-avec-ces-deux-nouvelles-voitures-electriques-pratiques-qui-sentent-bon-laventure.jpg&quot; class=&quot;attachment-full size-full wp-post-image&quot; alt=&quot;&quot; decoding=&quot;async&quot; loading=&quot;lazy&quot; \/<br \/>\nSi Jeep commercialise d\u00e9j\u00e0 son Avenger, il veut \u00e9toffer encore sa gamme de voitures \u00e9lectriques en Europe. Au programme, deux SUV aux philosophies bien diff\u00e9rentes qui verront le jour en 2026.\n<\/p>\n<p> <a class=\"continue-reading-link\" href=\"https:\/\/www.evearly.news\/fr\/jeep-arrive-fort-en-europe-avec-ces-deux-nouvelles-voitures-electriques-pratiques-qui-sentent-bon-laventure\/\"><\/a><\/p>\n","protected":false},"author":6,"featured_media":313118,"comment_status":"closed","ping_status":"open","sticky":false,"template":"Default","format":"standard","meta":{"footnotes":""},"categories":[14],"tags":[],"class_list":["post-313117","post","type-post","status-publish","format-standard","has-post-thumbnail","hentry","category-frandroid"],"_links":{"self":[{"href":"https:\/\/www.evearly.news\/fr\/wp-json\/wp\/v2\/posts\/313117","targetHints":{"allow":["GET"]}}],"collection":[{"href":"https:\/\/www.evearly.news\/fr\/wp-json\/wp\/v2\/posts"}],"about":[{"href":"https:\/\/www.evearly.news\/fr\/wp-json\/wp\/v2\/types\/post"}],"author":[{"embeddable":true,"href":"https:\/\/www.evearly.news\/fr\/wp-json\/wp\/v2\/users\/6"}],"replies":[{"embeddable":true,"href":"https:\/\/www.evearly.news\/fr\/wp-json\/wp\/v2\/comments?post=313117"}],"version-history":[{"count":0,"href":"https:\/\/www.evearly.news\/fr\/wp-json\/wp\/v2\/posts\/313117\/revisions"}],"wp:featuredmedia":[{"embeddable":true,"href":"https:\/\/www.evearly.news\/fr\/wp-json\/wp\/v2\/media\/313118"}],"wp:attachment":[{"href":"https:\/\/www.evearly.news\/fr\/wp-json\/wp\/v2\/media?parent=313117"}],"wp:term":[{"taxonomy":"category","embeddable":true,"href":"https:\/\/www.evearly.news\/fr\/wp-json\/wp\/v2\/categories?post=313117"},{"taxonomy":"post_tag","embeddable":true,"href":"https:\/\/www.evearly.news\/fr\/wp-json\/wp\/v2\/tags?post=313117"}],"curies":[{"name":"wp","href":"https:\/\/api.w.org\/{rel}","templated":true}]}}