{"id":313127,"date":"2025-12-02T14:00:05","date_gmt":"2025-12-02T13:00:05","guid":{"rendered":"https:\/\/www.evearly.news\/fr\/deja-100-000-renault-5-produites-a-douai-apres-un-an-de-commercialisation\/"},"modified":"2025-12-02T14:00:05","modified_gmt":"2025-12-02T13:00:05","slug":"deja-100-000-renault-5-produites-a-douai-apres-un-an-de-commercialisation","status":"publish","type":"post","link":"https:\/\/www.evearly.news\/fr\/deja-100-000-renault-5-produites-a-douai-apres-un-an-de-commercialisation\/","title":{"rendered":"D\u00e9j\u00e0 100 000 Renault 5 produites \u00e0 Douai apr\u00e8s un an de commercialisation"},"content":{"rendered":"<p><img decoding=\"async\" src=\"https:\/\/www.evearly.news\/fr\/wp-content\/uploads\/sites\/6\/2025\/12\/deja-100-000-renault-5-produites-a-douai-apres-un-an-de-commercialisation.webp\" alt=\"auto-moto\"><br \/>Lanc\u00e9e il y a 15 mois, la production de la Renault 5 E-Tech vient de passer un premier cap important : celui des 100 000 unit\u00e9s sorties d\u2019usine \u00e0 Douai, dans le Nord de la France. La citadine \u00e9lectrique recevra bient\u00f4t quelques am\u00e9liorations d\u00e9but 2026. <a href=https:\/\/www.auto-moto.com\/business\/renault-5-100-000-66703 target=blank>Lire la suite&#8230;<\/a><\/p>\n","protected":false},"excerpt":{"rendered":"<p>Lanc\u00e9e il y a 15 mois, la production de la Renault 5 E-Tech vient de passer un premier cap important : celui des 100 000 unit\u00e9s sorties d\u2019usine \u00e0 Douai, dans le Nord de la France. La citadine \u00e9lectrique recevra bient\u00f4t quelques am\u00e9liorations d\u00e9but 2026&#8230;. <a class=\"continue-reading-link\" href=\"https:\/\/www.evearly.news\/fr\/deja-100-000-renault-5-produites-a-douai-apres-un-an-de-commercialisation\/\"><\/a><\/p>\n","protected":false},"author":9,"featured_media":313128,"comment_status":"closed","ping_status":"open","sticky":false,"template":"Default","format":"standard","meta":{"footnotes":""},"categories":[10],"tags":[],"class_list":["post-313127","post","type-post","status-publish","format-standard","has-post-thumbnail","hentry","category-auto-moto-com"],"_links":{"self":[{"href":"https:\/\/www.evearly.news\/fr\/wp-json\/wp\/v2\/posts\/313127","targetHints":{"allow":["GET"]}}],"collection":[{"href":"https:\/\/www.evearly.news\/fr\/wp-json\/wp\/v2\/posts"}],"about":[{"href":"https:\/\/www.evearly.news\/fr\/wp-json\/wp\/v2\/types\/post"}],"author":[{"embeddable":true,"href":"https:\/\/www.evearly.news\/fr\/wp-json\/wp\/v2\/users\/9"}],"replies":[{"embeddable":true,"href":"https:\/\/www.evearly.news\/fr\/wp-json\/wp\/v2\/comments?post=313127"}],"version-history":[{"count":0,"href":"https:\/\/www.evearly.news\/fr\/wp-json\/wp\/v2\/posts\/313127\/revisions"}],"wp:featuredmedia":[{"embeddable":true,"href":"https:\/\/www.evearly.news\/fr\/wp-json\/wp\/v2\/media\/313128"}],"wp:attachment":[{"href":"https:\/\/www.evearly.news\/fr\/wp-json\/wp\/v2\/media?parent=313127"}],"wp:term":[{"taxonomy":"category","embeddable":true,"href":"https:\/\/www.evearly.news\/fr\/wp-json\/wp\/v2\/categories?post=313127"},{"taxonomy":"post_tag","embeddable":true,"href":"https:\/\/www.evearly.news\/fr\/wp-json\/wp\/v2\/tags?post=313127"}],"curies":[{"name":"wp","href":"https:\/\/api.w.org\/{rel}","templated":true}]}}