{"id":313131,"date":"2025-12-02T15:09:24","date_gmt":"2025-12-02T14:09:24","guid":{"rendered":"https:\/\/www.evearly.news\/fr\/la-r5-electrique-franchit-un-cap-symbolique-et-soffre-une-fonction-attendue-de-longue-date\/"},"modified":"2025-12-02T15:09:24","modified_gmt":"2025-12-02T14:09:24","slug":"la-r5-electrique-franchit-un-cap-symbolique-et-soffre-une-fonction-attendue-de-longue-date","status":"publish","type":"post","link":"https:\/\/www.evearly.news\/fr\/la-r5-electrique-franchit-un-cap-symbolique-et-soffre-une-fonction-attendue-de-longue-date\/","title":{"rendered":"La R5 \u00e9lectrique franchit un cap symbolique et s\u2019offre une fonction attendue de longue date"},"content":{"rendered":"<p><img loading=\"lazy\" width=\"1200\" height=\"675\" src=\"https:\/\/www.evearly.news\/fr\/wp-content\/uploads\/sites\/6\/2025\/12\/la-r5-electrique-franchit-un-cap-symbolique-et-soffre-une-fonction-attendue-de-longue-date.jpg\" class=\"attachment-full size-full wp-post-image\" alt=\"\" decoding=\"async\" \/<br \/>\n\u00c7a y est, la Renault 5 E-Tech a franchi le cap du 100\u00a0000\u1d49\u00a0exemplaire produit. \u00c0 l&rsquo;occasion de cette c\u00e9l\u00e9bration, la marque annonce enfin l&rsquo;arriv\u00e9e du \u00ab\u00a0one-pedal\u00a0\u00bb sur sa petite voiture \u00e9lectrique en janvier 2026.<br \/>\n <a href=https:\/\/www.frandroid.com\/marques\/renault\/2895517_la-r5-electrique-franchit-un-cap-symbolique-et-soffre-une-fonction-attendue-de-longue-date target='blank'>Lire la suite&#8230;<\/a><\/p>\n","protected":false},"excerpt":{"rendered":"<p>&lt;img width=&quot;1200&quot; height=&quot;675&quot; src=&quot;https:\/\/www.evearly.news\/fr\/wp-content\/uploads\/sites\/6\/2025\/12\/la-r5-electrique-franchit-un-cap-symbolique-et-soffre-une-fonction-attendue-de-longue-date.jpg&quot; class=&quot;attachment-full size-full wp-post-image&quot; alt=&quot;&quot; decoding=&quot;async&quot; \/<br \/>\n\u00c7a y est, la Renault 5 E-Tech a franchi le cap du 100\u00a0000\u1d49\u00a0exemplaire produit. \u00c0 l&rsquo;occasion de cette c\u00e9l\u00e9bration, la marque annonce enfin l&rsquo;arriv\u00e9e du \u00ab\u00a0one-pedal\u00a0\u00bb sur sa petite voiture \u00e9lectrique en janvier 2026.\n<\/p>\n<p> <a class=\"continue-reading-link\" href=\"https:\/\/www.evearly.news\/fr\/la-r5-electrique-franchit-un-cap-symbolique-et-soffre-une-fonction-attendue-de-longue-date\/\"><\/a><\/p>\n","protected":false},"author":6,"featured_media":313132,"comment_status":"closed","ping_status":"open","sticky":false,"template":"Default","format":"standard","meta":{"footnotes":""},"categories":[14],"tags":[],"class_list":["post-313131","post","type-post","status-publish","format-standard","has-post-thumbnail","hentry","category-frandroid"],"_links":{"self":[{"href":"https:\/\/www.evearly.news\/fr\/wp-json\/wp\/v2\/posts\/313131","targetHints":{"allow":["GET"]}}],"collection":[{"href":"https:\/\/www.evearly.news\/fr\/wp-json\/wp\/v2\/posts"}],"about":[{"href":"https:\/\/www.evearly.news\/fr\/wp-json\/wp\/v2\/types\/post"}],"author":[{"embeddable":true,"href":"https:\/\/www.evearly.news\/fr\/wp-json\/wp\/v2\/users\/6"}],"replies":[{"embeddable":true,"href":"https:\/\/www.evearly.news\/fr\/wp-json\/wp\/v2\/comments?post=313131"}],"version-history":[{"count":0,"href":"https:\/\/www.evearly.news\/fr\/wp-json\/wp\/v2\/posts\/313131\/revisions"}],"wp:featuredmedia":[{"embeddable":true,"href":"https:\/\/www.evearly.news\/fr\/wp-json\/wp\/v2\/media\/313132"}],"wp:attachment":[{"href":"https:\/\/www.evearly.news\/fr\/wp-json\/wp\/v2\/media?parent=313131"}],"wp:term":[{"taxonomy":"category","embeddable":true,"href":"https:\/\/www.evearly.news\/fr\/wp-json\/wp\/v2\/categories?post=313131"},{"taxonomy":"post_tag","embeddable":true,"href":"https:\/\/www.evearly.news\/fr\/wp-json\/wp\/v2\/tags?post=313131"}],"curies":[{"name":"wp","href":"https:\/\/api.w.org\/{rel}","templated":true}]}}