{"id":313135,"date":"2025-12-02T16:50:04","date_gmt":"2025-12-02T15:50:04","guid":{"rendered":"https:\/\/www.evearly.news\/fr\/on-sait-quand-sera-revele-le-nouveau-kia-ev2-de-serie\/"},"modified":"2025-12-02T16:50:04","modified_gmt":"2025-12-02T15:50:04","slug":"on-sait-quand-sera-revele-le-nouveau-kia-ev2-de-serie","status":"publish","type":"post","link":"https:\/\/www.evearly.news\/fr\/on-sait-quand-sera-revele-le-nouveau-kia-ev2-de-serie\/","title":{"rendered":"On sait quand sera r\u00e9v\u00e9l\u00e9 le nouveau Kia EV2 de s\u00e9rie !"},"content":{"rendered":"<p><img decoding=\"async\" src=\"https:\/\/www.evearly.news\/fr\/wp-content\/uploads\/sites\/6\/2025\/12\/on-sait-quand-sera-revele-le-nouveau-kia-ev2-de-serie.webp\" alt=\"auto-moto\"><br \/>Apr\u00e8s nous avoir pr\u00e9sent\u00e9 un concept-car proche de la production en f\u00e9vrier 2025, Kia annonce l\u2019arriv\u00e9e du mod\u00e8le de s\u00e9rie en d\u00e9but d\u2019ann\u00e9e 2026. Con\u00e7u et produit en Europe, le Kia EV2 sera officiellement pr\u00e9sent\u00e9 au Salon de Bruxelles. <a href=https:\/\/www.auto-moto.com\/electrique\/kia-ev2-date-presentation-66714 target=blank>Lire la suite&#8230;<\/a><\/p>\n","protected":false},"excerpt":{"rendered":"<p>Apr\u00e8s nous avoir pr\u00e9sent\u00e9 un concept-car proche de la production en f\u00e9vrier 2025, Kia annonce l\u2019arriv\u00e9e du mod\u00e8le de s\u00e9rie en d\u00e9but d\u2019ann\u00e9e 2026. Con\u00e7u et produit en Europe, le Kia EV2 sera officiellement pr\u00e9sent\u00e9 au Salon de Bruxelles&#8230;. <a class=\"continue-reading-link\" href=\"https:\/\/www.evearly.news\/fr\/on-sait-quand-sera-revele-le-nouveau-kia-ev2-de-serie\/\"><\/a><\/p>\n","protected":false},"author":9,"featured_media":313136,"comment_status":"closed","ping_status":"open","sticky":false,"template":"Default","format":"standard","meta":{"footnotes":""},"categories":[10],"tags":[],"class_list":["post-313135","post","type-post","status-publish","format-standard","has-post-thumbnail","hentry","category-auto-moto-com"],"_links":{"self":[{"href":"https:\/\/www.evearly.news\/fr\/wp-json\/wp\/v2\/posts\/313135","targetHints":{"allow":["GET"]}}],"collection":[{"href":"https:\/\/www.evearly.news\/fr\/wp-json\/wp\/v2\/posts"}],"about":[{"href":"https:\/\/www.evearly.news\/fr\/wp-json\/wp\/v2\/types\/post"}],"author":[{"embeddable":true,"href":"https:\/\/www.evearly.news\/fr\/wp-json\/wp\/v2\/users\/9"}],"replies":[{"embeddable":true,"href":"https:\/\/www.evearly.news\/fr\/wp-json\/wp\/v2\/comments?post=313135"}],"version-history":[{"count":0,"href":"https:\/\/www.evearly.news\/fr\/wp-json\/wp\/v2\/posts\/313135\/revisions"}],"wp:featuredmedia":[{"embeddable":true,"href":"https:\/\/www.evearly.news\/fr\/wp-json\/wp\/v2\/media\/313136"}],"wp:attachment":[{"href":"https:\/\/www.evearly.news\/fr\/wp-json\/wp\/v2\/media?parent=313135"}],"wp:term":[{"taxonomy":"category","embeddable":true,"href":"https:\/\/www.evearly.news\/fr\/wp-json\/wp\/v2\/categories?post=313135"},{"taxonomy":"post_tag","embeddable":true,"href":"https:\/\/www.evearly.news\/fr\/wp-json\/wp\/v2\/tags?post=313135"}],"curies":[{"name":"wp","href":"https:\/\/api.w.org\/{rel}","templated":true}]}}