{"id":313141,"date":"2025-12-02T15:38:46","date_gmt":"2025-12-02T14:38:46","guid":{"rendered":"https:\/\/www.evearly.news\/fr\/le-kia-ev2-nouveau-rival-de-la-renault-4-sera-au-salon-de-bruxelles\/"},"modified":"2025-12-02T15:38:46","modified_gmt":"2025-12-02T14:38:46","slug":"le-kia-ev2-nouveau-rival-de-la-renault-4-sera-au-salon-de-bruxelles","status":"publish","type":"post","link":"https:\/\/www.evearly.news\/fr\/le-kia-ev2-nouveau-rival-de-la-renault-4-sera-au-salon-de-bruxelles\/","title":{"rendered":"Le Kia EV2, nouveau rival de la Renault 4, sera au salon de Bruxelles"},"content":{"rendered":"<p><img decoding=\"async\" src=\"https:\/\/www.evearly.news\/fr\/wp-content\/uploads\/sites\/6\/2025\/12\/le-kia-ev2-nouveau-rival-de-la-renault-4-sera-au-salon-de-bruxelles.jpg\" alt=\"caradisiac\" ><br \/>La version de s\u00e9rie du nouveau petit SUV \u00e9lectrique de Kia sera officiellement pr\u00e9sent\u00e9e en janvier au salon de Bruxelles 2026 et il aura droit au bonus \u00e9cologique fran\u00e7ais. <a href=https:\/\/www.caradisiac.com\/le-kia-ev2-nouveau-rival-de-la-renault-4-sera-au-salon-de-bruxelles-219211.htm#xtor=RSS-40 target=blank>Lire la suite&#8230;<\/a><\/p>\n","protected":false},"excerpt":{"rendered":"<p><img decoding=\"async\" src=\"https:\/\/www.evearly.news\/fr\/wp-content\/uploads\/sites\/6\/2025\/12\/le-kia-ev2-nouveau-rival-de-la-renault-4-sera-au-salon-de-bruxelles.jpg\" alt=\"caradisiac\"><br \/>La version de s\u00e9rie du nouveau petit SUV \u00e9lectrique de Kia sera officiellement pr\u00e9sent\u00e9e en janvier au salon de Bruxelles 2026 et il aura droit au bonus \u00e9cologique fran\u00e7ais.<\/p>\n<p> <a class=\"continue-reading-link\" href=\"https:\/\/www.evearly.news\/fr\/le-kia-ev2-nouveau-rival-de-la-renault-4-sera-au-salon-de-bruxelles\/\"><\/a><\/p>\n","protected":false},"author":11,"featured_media":313142,"comment_status":"closed","ping_status":"open","sticky":false,"template":"Default","format":"standard","meta":{"footnotes":""},"categories":[11],"tags":[],"class_list":["post-313141","post","type-post","status-publish","format-standard","has-post-thumbnail","hentry","category-caradisiac"],"_links":{"self":[{"href":"https:\/\/www.evearly.news\/fr\/wp-json\/wp\/v2\/posts\/313141","targetHints":{"allow":["GET"]}}],"collection":[{"href":"https:\/\/www.evearly.news\/fr\/wp-json\/wp\/v2\/posts"}],"about":[{"href":"https:\/\/www.evearly.news\/fr\/wp-json\/wp\/v2\/types\/post"}],"author":[{"embeddable":true,"href":"https:\/\/www.evearly.news\/fr\/wp-json\/wp\/v2\/users\/11"}],"replies":[{"embeddable":true,"href":"https:\/\/www.evearly.news\/fr\/wp-json\/wp\/v2\/comments?post=313141"}],"version-history":[{"count":0,"href":"https:\/\/www.evearly.news\/fr\/wp-json\/wp\/v2\/posts\/313141\/revisions"}],"wp:featuredmedia":[{"embeddable":true,"href":"https:\/\/www.evearly.news\/fr\/wp-json\/wp\/v2\/media\/313142"}],"wp:attachment":[{"href":"https:\/\/www.evearly.news\/fr\/wp-json\/wp\/v2\/media?parent=313141"}],"wp:term":[{"taxonomy":"category","embeddable":true,"href":"https:\/\/www.evearly.news\/fr\/wp-json\/wp\/v2\/categories?post=313141"},{"taxonomy":"post_tag","embeddable":true,"href":"https:\/\/www.evearly.news\/fr\/wp-json\/wp\/v2\/tags?post=313141"}],"curies":[{"name":"wp","href":"https:\/\/api.w.org\/{rel}","templated":true}]}}