{"id":313151,"date":"2025-12-02T18:52:00","date_gmt":"2025-12-02T17:52:00","guid":{"rendered":"https:\/\/www.evearly.news\/fr\/tesla-pannes-apres-mise-a-jour-mythe-ou-vrai-probleme\/"},"modified":"2025-12-02T18:52:00","modified_gmt":"2025-12-02T17:52:00","slug":"tesla-pannes-apres-mise-a-jour-mythe-ou-vrai-probleme","status":"publish","type":"post","link":"https:\/\/www.evearly.news\/fr\/tesla-pannes-apres-mise-a-jour-mythe-ou-vrai-probleme\/","title":{"rendered":"Tesla : pannes apr\u00e8s mise \u00e0 jour, mythe ou vrai probl\u00e8me ?"},"content":{"rendered":"<p><img loading=\"lazy\" decoding=\"async\" width=\"500\" height=\"333\" src=\"https:\/\/www.evearly.news\/fr\/wp-content\/uploads\/sites\/6\/2025\/12\/tesla-pannes-apres-mise-a-jour-mythe-ou-vrai-probleme.jpg\" class=\"attachment-1200x800 size-1200x800 wp-post-image\" alt=\"Tesla : illustration d\u2019un bug logiciel apr\u00e8s mise \u00e0 jour\" srcset=\"https:\/\/www.evearly.news\/fr\/wp-content\/uploads\/sites\/6\/2025\/12\/tesla-pannes-apres-mise-a-jour-mythe-ou-vrai-probleme.jpg 1608w, https:\/\/www.evearly.news\/fr\/wp-content\/uploads\/sites\/6\/2025\/12\/tesla-pannes-apres-mise-a-jour-mythe-ou-vrai-probleme-1.jpg 1024w, https:\/\/www.evearly.news\/fr\/wp-content\/uploads\/sites\/6\/2025\/12\/tesla-pannes-apres-mise-a-jour-mythe-ou-vrai-probleme-2.jpg 768w, https:\/\/www.evearly.news\/fr\/wp-content\/uploads\/sites\/6\/2025\/12\/tesla-pannes-apres-mise-a-jour-mythe-ou-vrai-probleme-3.jpg 1536w, https:\/\/www.evearly.news\/fr\/wp-content\/uploads\/sites\/6\/2025\/12\/tesla-pannes-apres-mise-a-jour-mythe-ou-vrai-probleme-4.jpg 626w, https:\/\/cdn.automobile-propre.com\/uploads\/2025\/12\/tesla-mise-a-jour-bug-illustration-logiciel-automobile-propre-960x716.jpeg 960w\" sizes=\"auto, (max-width: 1072px) 100vw, 1072px\" \/><br \/>\nLes mises \u00e0 jour Tesla provoquent-elles des pannes mat\u00e9rielles, voire une forme d\u2019obsolescence d\u00e9guis\u00e9e ? Quentin J. nous \u00e9crit, inquiet\u2026\u00a0<a href=https:\/\/www.automobile-propre.com\/articles\/tesla-pannes-apres-mise-a-jour\/ target='bwindow'>Lire la suite&#8230;<\/a><\/p>\n","protected":false},"excerpt":{"rendered":"<p>&#8230; <a class=\"continue-reading-link\" href=\"https:\/\/www.evearly.news\/fr\/tesla-pannes-apres-mise-a-jour-mythe-ou-vrai-probleme\/\"><\/a><\/p>\n","protected":false},"author":8,"featured_media":313152,"comment_status":"closed","ping_status":"open","sticky":false,"template":"Default","format":"standard","meta":{"footnotes":""},"categories":[8],"tags":[],"class_list":["post-313151","post","type-post","status-publish","format-standard","has-post-thumbnail","hentry","category-automobile-propre"],"_links":{"self":[{"href":"https:\/\/www.evearly.news\/fr\/wp-json\/wp\/v2\/posts\/313151","targetHints":{"allow":["GET"]}}],"collection":[{"href":"https:\/\/www.evearly.news\/fr\/wp-json\/wp\/v2\/posts"}],"about":[{"href":"https:\/\/www.evearly.news\/fr\/wp-json\/wp\/v2\/types\/post"}],"author":[{"embeddable":true,"href":"https:\/\/www.evearly.news\/fr\/wp-json\/wp\/v2\/users\/8"}],"replies":[{"embeddable":true,"href":"https:\/\/www.evearly.news\/fr\/wp-json\/wp\/v2\/comments?post=313151"}],"version-history":[{"count":0,"href":"https:\/\/www.evearly.news\/fr\/wp-json\/wp\/v2\/posts\/313151\/revisions"}],"wp:featuredmedia":[{"embeddable":true,"href":"https:\/\/www.evearly.news\/fr\/wp-json\/wp\/v2\/media\/313152"}],"wp:attachment":[{"href":"https:\/\/www.evearly.news\/fr\/wp-json\/wp\/v2\/media?parent=313151"}],"wp:term":[{"taxonomy":"category","embeddable":true,"href":"https:\/\/www.evearly.news\/fr\/wp-json\/wp\/v2\/categories?post=313151"},{"taxonomy":"post_tag","embeddable":true,"href":"https:\/\/www.evearly.news\/fr\/wp-json\/wp\/v2\/tags?post=313151"}],"curies":[{"name":"wp","href":"https:\/\/api.w.org\/{rel}","templated":true}]}}