{"id":313153,"date":"2025-12-02T19:04:15","date_gmt":"2025-12-02T18:04:15","guid":{"rendered":"https:\/\/www.evearly.news\/fr\/dans-ces-pays-deurope-les-ventes-de-voitures-electriques-depassent-les-50-mais-les-chiffres-revelent-une-fracture-immense\/"},"modified":"2025-12-02T19:04:15","modified_gmt":"2025-12-02T18:04:15","slug":"dans-ces-pays-deurope-les-ventes-de-voitures-electriques-depassent-les-50-mais-les-chiffres-revelent-une-fracture-immense","status":"publish","type":"post","link":"https:\/\/www.evearly.news\/fr\/dans-ces-pays-deurope-les-ventes-de-voitures-electriques-depassent-les-50-mais-les-chiffres-revelent-une-fracture-immense\/","title":{"rendered":"Dans ces pays d&rsquo;Europe, les ventes de voitures \u00e9lectriques d\u00e9passent les 50%. Mais les chiffres r\u00e9v\u00e8lent une fracture immense"},"content":{"rendered":"<div class=\"media_block\"><img decoding=\"async\" src=\"https:\/\/www.evearly.news\/fr\/wp-content\/uploads\/sites\/6\/2025\/12\/dans-ces-pays-deurope-les-ventes-de-voitures-electriques-depassent-les-50-mais-les-chiffres-revelent-une-fracture-immense.jpg\"><\/div>\n<p>L\u2019\u00e9lectrification gagne du terrain en Europe, port\u00e9e par des sommets dans le Nord et une transition lente ailleurs. La Norv\u00e8ge fr\u00f4le la quasi-totalit\u00e9 \u00e9lectrique, tandis que certains pays restent accroch\u00e9s aux moteurs thermiques. Entre performances commerciales et disparit\u00e9s territoriales, le march\u00e9 europ\u00e9en continue de se dessiner de fa\u00e7on h\u00e9t\u00e9rog\u00e8ne et \u00e0 un rythme bien diff\u00e9rent de celui des calendriers politiques et des simples volumes de ventes. <a href=https:\/\/www.automobile-magazine.fr\/voitures-electriques\/article\/50307-dans-ces-pays-deurope-les-ventes-de-voitures-electriques-depassent-les-50-mais-les-chiffres-revelent-une-fracture-immense target='bwindow'>Lire la suite&#8230;<\/a><\/p>\n","protected":false},"excerpt":{"rendered":"<div class=\"media_block\"><img decoding=\"async\" src=\"https:\/\/www.evearly.news\/fr\/wp-content\/uploads\/sites\/6\/2025\/12\/dans-ces-pays-deurope-les-ventes-de-voitures-electriques-depassent-les-50-mais-les-chiffres-revelent-une-fracture-immense.jpg\"><\/div>\n<p> <a class=\"continue-reading-link\" href=\"https:\/\/www.evearly.news\/fr\/dans-ces-pays-deurope-les-ventes-de-voitures-electriques-depassent-les-50-mais-les-chiffres-revelent-une-fracture-immense\/\"><\/a><\/p>\n","protected":false},"author":7,"featured_media":313154,"comment_status":"closed","ping_status":"open","sticky":false,"template":"Default","format":"standard","meta":{"footnotes":""},"categories":[7],"tags":[],"class_list":["post-313153","post","type-post","status-publish","format-standard","has-post-thumbnail","hentry","category-automobile-magazine"],"_links":{"self":[{"href":"https:\/\/www.evearly.news\/fr\/wp-json\/wp\/v2\/posts\/313153","targetHints":{"allow":["GET"]}}],"collection":[{"href":"https:\/\/www.evearly.news\/fr\/wp-json\/wp\/v2\/posts"}],"about":[{"href":"https:\/\/www.evearly.news\/fr\/wp-json\/wp\/v2\/types\/post"}],"author":[{"embeddable":true,"href":"https:\/\/www.evearly.news\/fr\/wp-json\/wp\/v2\/users\/7"}],"replies":[{"embeddable":true,"href":"https:\/\/www.evearly.news\/fr\/wp-json\/wp\/v2\/comments?post=313153"}],"version-history":[{"count":0,"href":"https:\/\/www.evearly.news\/fr\/wp-json\/wp\/v2\/posts\/313153\/revisions"}],"wp:featuredmedia":[{"embeddable":true,"href":"https:\/\/www.evearly.news\/fr\/wp-json\/wp\/v2\/media\/313154"}],"wp:attachment":[{"href":"https:\/\/www.evearly.news\/fr\/wp-json\/wp\/v2\/media?parent=313153"}],"wp:term":[{"taxonomy":"category","embeddable":true,"href":"https:\/\/www.evearly.news\/fr\/wp-json\/wp\/v2\/categories?post=313153"},{"taxonomy":"post_tag","embeddable":true,"href":"https:\/\/www.evearly.news\/fr\/wp-json\/wp\/v2\/tags?post=313153"}],"curies":[{"name":"wp","href":"https:\/\/api.w.org\/{rel}","templated":true}]}}