{"id":313157,"date":"2025-12-02T21:05:53","date_gmt":"2025-12-02T20:05:53","guid":{"rendered":"https:\/\/www.evearly.news\/fr\/kia-ev2-le-petit-suv-urbain-electrique-rival-de-la-r4-bientot-devoile\/"},"modified":"2025-12-02T21:05:53","modified_gmt":"2025-12-02T20:05:53","slug":"kia-ev2-le-petit-suv-urbain-electrique-rival-de-la-r4-bientot-devoile","status":"publish","type":"post","link":"https:\/\/www.evearly.news\/fr\/kia-ev2-le-petit-suv-urbain-electrique-rival-de-la-r4-bientot-devoile\/","title":{"rendered":"Kia EV2 : le petit SUV urbain \u00e9lectrique rival de la R4 bient\u00f4t d\u00e9voil\u00e9"},"content":{"rendered":"<div class=\"media_block\"><img decoding=\"async\" src=\"https:\/\/www.evearly.news\/fr\/wp-content\/uploads\/sites\/6\/2025\/12\/kia-ev2-le-petit-suv-urbain-electrique-rival-de-la-r4-bientot-devoile.jpg\"><\/div>\n<p>Kia a d\u00e9but\u00e9 son offensive \u00e9lectrique par l\u2019EV6 suivie par l\u2019EV9. La gamme sera compl\u00e9t\u00e9e par le bas avec la Kia EV2 qui prendra son premier bain de foule au salon de Bruxelles, du 10 au 18 janvier 2026. En attendant l&rsquo;\u00e9v\u00e9nement, trois photos confirment la signature lumineuse de l\u2019EV2 de s\u00e9rie. <a href=https:\/\/www.automobile-magazine.fr\/voitures-electriques\/article\/50306-kia-ev2-le-petit-suv-urbain-electrique-rival-de-la-r4-bientot-devoile target='bwindow'>Lire la suite&#8230;<\/a><\/p>\n","protected":false},"excerpt":{"rendered":"<div class=\"media_block\"><img decoding=\"async\" src=\"https:\/\/www.evearly.news\/fr\/wp-content\/uploads\/sites\/6\/2025\/12\/kia-ev2-le-petit-suv-urbain-electrique-rival-de-la-r4-bientot-devoile.jpg\"><\/div>\n<p> <a class=\"continue-reading-link\" href=\"https:\/\/www.evearly.news\/fr\/kia-ev2-le-petit-suv-urbain-electrique-rival-de-la-r4-bientot-devoile\/\"><\/a><\/p>\n","protected":false},"author":7,"featured_media":313158,"comment_status":"closed","ping_status":"open","sticky":false,"template":"Default","format":"standard","meta":{"footnotes":""},"categories":[7],"tags":[],"class_list":["post-313157","post","type-post","status-publish","format-standard","has-post-thumbnail","hentry","category-automobile-magazine"],"_links":{"self":[{"href":"https:\/\/www.evearly.news\/fr\/wp-json\/wp\/v2\/posts\/313157","targetHints":{"allow":["GET"]}}],"collection":[{"href":"https:\/\/www.evearly.news\/fr\/wp-json\/wp\/v2\/posts"}],"about":[{"href":"https:\/\/www.evearly.news\/fr\/wp-json\/wp\/v2\/types\/post"}],"author":[{"embeddable":true,"href":"https:\/\/www.evearly.news\/fr\/wp-json\/wp\/v2\/users\/7"}],"replies":[{"embeddable":true,"href":"https:\/\/www.evearly.news\/fr\/wp-json\/wp\/v2\/comments?post=313157"}],"version-history":[{"count":0,"href":"https:\/\/www.evearly.news\/fr\/wp-json\/wp\/v2\/posts\/313157\/revisions"}],"wp:featuredmedia":[{"embeddable":true,"href":"https:\/\/www.evearly.news\/fr\/wp-json\/wp\/v2\/media\/313158"}],"wp:attachment":[{"href":"https:\/\/www.evearly.news\/fr\/wp-json\/wp\/v2\/media?parent=313157"}],"wp:term":[{"taxonomy":"category","embeddable":true,"href":"https:\/\/www.evearly.news\/fr\/wp-json\/wp\/v2\/categories?post=313157"},{"taxonomy":"post_tag","embeddable":true,"href":"https:\/\/www.evearly.news\/fr\/wp-json\/wp\/v2\/tags?post=313157"}],"curies":[{"name":"wp","href":"https:\/\/api.w.org\/{rel}","templated":true}]}}