{"id":313159,"date":"2025-12-02T21:23:41","date_gmt":"2025-12-02T20:23:41","guid":{"rendered":"https:\/\/www.evearly.news\/fr\/actualite-la-taxe-au-kilometre-pour-les-voitures-electriques-semble-inevitable-voici-combien-ca-vous-couterait\/"},"modified":"2025-12-02T21:23:41","modified_gmt":"2025-12-02T20:23:41","slug":"actualite-la-taxe-au-kilometre-pour-les-voitures-electriques-semble-inevitable-voici-combien-ca-vous-couterait","status":"publish","type":"post","link":"https:\/\/www.evearly.news\/fr\/actualite-la-taxe-au-kilometre-pour-les-voitures-electriques-semble-inevitable-voici-combien-ca-vous-couterait\/","title":{"rendered":"Actualit\u00e9 : La taxe au kilom\u00e8tre pour les voitures \u00e9lectriques semble in\u00e9vitable, voici combien \u00e7a vous co\u00fbterait"},"content":{"rendered":"<p><img src='https:\/\/www.evearly.news\/fr\/wp-content\/uploads\/sites\/6\/2025\/12\/actualite-la-taxe-au-kilometre-pour-les-voitures-electriques-semble-inevitable-voici-combien-ca-vous-couterait.jpg' alt='Les Num\u00e9riques' \/>Et si les conducteurs de v\u00e9hicules \u00e9lectriques payaient pour chaque kilom\u00e8tre parcouru ? C&rsquo;est ce que pense Fran\u00e7ois Lenglet sur RTL. Selon lui, une taxe au kilom\u00e8tre finira par s&rsquo;imposer en France. Selon l&rsquo;\u00e9ditorialiste, le marteau fiscal est l&rsquo;outil privil\u00e9gi\u00e9 par l&rsquo;\u00c9tat pour \u00e9quilibrer ses comptes. <a href=https:\/\/www.lesnumeriques.com\/voiture-electrique\/la-taxe-au-kilometre-pour-les-voitures-electriques-semble-inevitable-voici-combien-ca-vous-couterait-n247458.html target='bwindow'>Lire la suite&#8230;<\/a><\/p>\n","protected":false},"excerpt":{"rendered":"<p>Et si les conducteurs de v\u00e9hicules \u00e9lectriques payaient pour chaque kilom\u00e8tre parcouru ? C&rsquo;est ce que pense Fran\u00e7ois Lenglet sur RTL. Selon lui, une taxe au kilom\u00e8tre finira par s&rsquo;imposer en&#8230; <a class=\"continue-reading-link\" href=\"https:\/\/www.evearly.news\/fr\/actualite-la-taxe-au-kilometre-pour-les-voitures-electriques-semble-inevitable-voici-combien-ca-vous-couterait\/\"><\/a><\/p>\n","protected":false},"author":15,"featured_media":313160,"comment_status":"closed","ping_status":"open","sticky":false,"template":"Default","format":"standard","meta":{"footnotes":""},"categories":[16],"tags":[],"class_list":["post-313159","post","type-post","status-publish","format-standard","has-post-thumbnail","hentry","category-lesnumeriques"],"_links":{"self":[{"href":"https:\/\/www.evearly.news\/fr\/wp-json\/wp\/v2\/posts\/313159","targetHints":{"allow":["GET"]}}],"collection":[{"href":"https:\/\/www.evearly.news\/fr\/wp-json\/wp\/v2\/posts"}],"about":[{"href":"https:\/\/www.evearly.news\/fr\/wp-json\/wp\/v2\/types\/post"}],"author":[{"embeddable":true,"href":"https:\/\/www.evearly.news\/fr\/wp-json\/wp\/v2\/users\/15"}],"replies":[{"embeddable":true,"href":"https:\/\/www.evearly.news\/fr\/wp-json\/wp\/v2\/comments?post=313159"}],"version-history":[{"count":0,"href":"https:\/\/www.evearly.news\/fr\/wp-json\/wp\/v2\/posts\/313159\/revisions"}],"wp:featuredmedia":[{"embeddable":true,"href":"https:\/\/www.evearly.news\/fr\/wp-json\/wp\/v2\/media\/313160"}],"wp:attachment":[{"href":"https:\/\/www.evearly.news\/fr\/wp-json\/wp\/v2\/media?parent=313159"}],"wp:term":[{"taxonomy":"category","embeddable":true,"href":"https:\/\/www.evearly.news\/fr\/wp-json\/wp\/v2\/categories?post=313159"},{"taxonomy":"post_tag","embeddable":true,"href":"https:\/\/www.evearly.news\/fr\/wp-json\/wp\/v2\/tags?post=313159"}],"curies":[{"name":"wp","href":"https:\/\/api.w.org\/{rel}","templated":true}]}}