{"id":313161,"date":"2025-12-03T07:20:04","date_gmt":"2025-12-03T06:20:04","guid":{"rendered":"https:\/\/www.evearly.news\/fr\/recharge-pour-voitures-et-camions-electriques-a-cette-station-fastned\/"},"modified":"2025-12-03T07:20:04","modified_gmt":"2025-12-03T06:20:04","slug":"recharge-pour-voitures-et-camions-electriques-a-cette-station-fastned","status":"publish","type":"post","link":"https:\/\/www.evearly.news\/fr\/recharge-pour-voitures-et-camions-electriques-a-cette-station-fastned\/","title":{"rendered":"Recharge pour voitures et camions \u00e9lectriques \u00e0 cette station Fastned"},"content":{"rendered":"<p><img width=\"1000\" height=\"563\" src=\"https:\/\/www.evearly.news\/fr\/wp-content\/uploads\/sites\/6\/2025\/12\/recharge-pour-voitures-et-camions-electriques-a-cette-station-fastned.jpg\" class=\"attachment-post-thumbnail size-post-thumbnail wp-post-image\" alt=\"Station Fastned de Saint-Yvi\" decoding=\"async\" fetchpriority=\"high\" srcset=\"https:\/\/www.evearly.news\/fr\/wp-content\/uploads\/sites\/6\/2025\/12\/recharge-pour-voitures-et-camions-electriques-a-cette-station-fastned.jpg 1000w, https:\/\/www.evearly.news\/fr\/wp-content\/uploads\/sites\/6\/2025\/12\/recharge-pour-voitures-et-camions-electriques-a-cette-station-fastned-1.jpg 300w, https:\/\/www.evearly.news\/fr\/wp-content\/uploads\/sites\/6\/2025\/12\/recharge-pour-voitures-et-camions-electriques-a-cette-station-fastned-2.jpg 998w, https:\/\/www.avem.fr\/wp-content\/uploads\/2025\/12\/ACTF1203_Fastned-768x432.jpg 768w\" sizes=\"(max-width: 1000px) 100vw, 1000px\" \/>A Saint-Ivy en Bretagne, sera mise en service l\u2019ann\u00e9e prochaine par Fastned une station de recharge un peu particuli\u00e8re. Ce sera la premi\u00e8re en France \u00e0 \u00eatre install\u00e9e sur une aire de service d\u00e9di\u00e9e aux v\u00e9hicules \u00e9lectriques. \u00a0 L\u2019histoire derri\u00e8re la station Le cas de la Bretagne est assez particulier [\u2026] <a href=https:\/\/www.avem.fr\/2025\/12\/03\/recharge-pour-voitures-et-camions-electriques-a-cette-station-fastned\/ target=blank>Lire la suite&#8230;<\/a><\/p>\n","protected":false},"excerpt":{"rendered":"<p><img loading=\"lazy\" decoding=\"async\" width=\"1000\" height=\"563\" src=\"https:\/\/www.evearly.news\/fr\/wp-content\/uploads\/sites\/6\/2025\/12\/recharge-pour-voitures-et-camions-electriques-a-cette-station-fastned.jpg\" class=\"attachment-post-thumbnail size-post-thumbnail wp-post-image\" alt=\"Station Fastned de Saint-Yvi\" \/>A Saint-Ivy en Bretagne, sera mise en service l\u2019ann\u00e9e prochaine par Fastned une station de recharge un peu particuli\u00e8re. Ce sera la premi\u00e8re en France \u00e0 \u00eatre install\u00e9e sur une aire de service d\u00e9di\u00e9e aux v\u00e9hicules \u00e9lectriques. \u00a0 L\u2019histoire derri\u00e8re la station Le cas de la Bretagne est assez particulier [\u2026] <a class=\"continue-reading-link\" href=\"https:\/\/www.evearly.news\/fr\/recharge-pour-voitures-et-camions-electriques-a-cette-station-fastned\/\"><\/a><\/p>\n","protected":false},"author":3,"featured_media":313162,"comment_status":"closed","ping_status":"open","sticky":false,"template":"Default","format":"standard","meta":{"footnotes":""},"categories":[3],"tags":[],"class_list":["post-313161","post","type-post","status-publish","format-standard","has-post-thumbnail","hentry","category-avem"],"_links":{"self":[{"href":"https:\/\/www.evearly.news\/fr\/wp-json\/wp\/v2\/posts\/313161","targetHints":{"allow":["GET"]}}],"collection":[{"href":"https:\/\/www.evearly.news\/fr\/wp-json\/wp\/v2\/posts"}],"about":[{"href":"https:\/\/www.evearly.news\/fr\/wp-json\/wp\/v2\/types\/post"}],"author":[{"embeddable":true,"href":"https:\/\/www.evearly.news\/fr\/wp-json\/wp\/v2\/users\/3"}],"replies":[{"embeddable":true,"href":"https:\/\/www.evearly.news\/fr\/wp-json\/wp\/v2\/comments?post=313161"}],"version-history":[{"count":0,"href":"https:\/\/www.evearly.news\/fr\/wp-json\/wp\/v2\/posts\/313161\/revisions"}],"wp:featuredmedia":[{"embeddable":true,"href":"https:\/\/www.evearly.news\/fr\/wp-json\/wp\/v2\/media\/313162"}],"wp:attachment":[{"href":"https:\/\/www.evearly.news\/fr\/wp-json\/wp\/v2\/media?parent=313161"}],"wp:term":[{"taxonomy":"category","embeddable":true,"href":"https:\/\/www.evearly.news\/fr\/wp-json\/wp\/v2\/categories?post=313161"},{"taxonomy":"post_tag","embeddable":true,"href":"https:\/\/www.evearly.news\/fr\/wp-json\/wp\/v2\/tags?post=313161"}],"curies":[{"name":"wp","href":"https:\/\/api.w.org\/{rel}","templated":true}]}}