{"id":313183,"date":"2025-12-03T11:02:14","date_gmt":"2025-12-03T10:02:14","guid":{"rendered":"https:\/\/www.evearly.news\/fr\/cest-le-apple-chinois-le-patron-de-ford-est-impressionne-par-la-voiture-electrique-de-xiaomi-mais-pointe-du-doigt-quelques-defauts\/"},"modified":"2025-12-03T11:02:14","modified_gmt":"2025-12-03T10:02:14","slug":"cest-le-apple-chinois-le-patron-de-ford-est-impressionne-par-la-voiture-electrique-de-xiaomi-mais-pointe-du-doigt-quelques-defauts","status":"publish","type":"post","link":"https:\/\/www.evearly.news\/fr\/cest-le-apple-chinois-le-patron-de-ford-est-impressionne-par-la-voiture-electrique-de-xiaomi-mais-pointe-du-doigt-quelques-defauts\/","title":{"rendered":"\u00ab C\u2019est le Apple chinois \u00bb : le patron de Ford est impressionn\u00e9 par la voiture \u00e9lectrique de Xiaomi, mais pointe du doigt quelques d\u00e9fauts"},"content":{"rendered":"<p><img loading=\"lazy\" width=\"1200\" height=\"675\" src=\"https:\/\/www.evearly.news\/fr\/wp-content\/uploads\/sites\/6\/2025\/12\/cest-le-apple-chinois-le-patron-de-ford-est-impressionne-par-la-voiture-electrique-de-xiaomi-mais-pointe-du-doigt-quelques-defauts.jpg\" class=\"attachment-full size-full wp-post-image\" alt=\"\" decoding=\"async\" \/<br \/>\nJim Farley, le PDG de Ford, ne tarit pas d\u2019\u00e9loges au sujet de la Xiaomi SU7. Il reconna\u00eet que la voiture \u00e9lectrique poss\u00e8de de nombreux atouts et a conscience qu\u2019il va falloir rattraper le retard pour rivaliser.<br \/>\n <a href=https:\/\/www.frandroid.com\/marques\/ford\/2896469_cest-le-apple-chinois-le-patron-de-ford-est-impressionne-par-la-voiture-electrique-de-xiaomi-mais-pointe-du-doigt-quelques-defauts target='blank'>Lire la suite&#8230;<\/a><\/p>\n","protected":false},"excerpt":{"rendered":"<p>&lt;img width=&quot;1200&quot; height=&quot;675&quot; src=&quot;https:\/\/www.evearly.news\/fr\/wp-content\/uploads\/sites\/6\/2025\/12\/cest-le-apple-chinois-le-patron-de-ford-est-impressionne-par-la-voiture-electrique-de-xiaomi-mais-pointe-du-doigt-quelques-defauts.jpg&quot; class=&quot;attachment-full size-full wp-post-image&quot; alt=&quot;&quot; decoding=&quot;async&quot; \/<br \/>\nJim Farley, le PDG de Ford, ne tarit pas d\u2019\u00e9loges au sujet de la Xiaomi SU7. Il reconna\u00eet que la voiture \u00e9lectrique poss\u00e8de de nombreux atouts et a conscience qu\u2019il va falloir rattraper le retard pour rivaliser.\n<\/p>\n<p> <a class=\"continue-reading-link\" href=\"https:\/\/www.evearly.news\/fr\/cest-le-apple-chinois-le-patron-de-ford-est-impressionne-par-la-voiture-electrique-de-xiaomi-mais-pointe-du-doigt-quelques-defauts\/\"><\/a><\/p>\n","protected":false},"author":6,"featured_media":313184,"comment_status":"closed","ping_status":"open","sticky":false,"template":"Default","format":"standard","meta":{"footnotes":""},"categories":[14],"tags":[],"class_list":["post-313183","post","type-post","status-publish","format-standard","has-post-thumbnail","hentry","category-frandroid"],"_links":{"self":[{"href":"https:\/\/www.evearly.news\/fr\/wp-json\/wp\/v2\/posts\/313183","targetHints":{"allow":["GET"]}}],"collection":[{"href":"https:\/\/www.evearly.news\/fr\/wp-json\/wp\/v2\/posts"}],"about":[{"href":"https:\/\/www.evearly.news\/fr\/wp-json\/wp\/v2\/types\/post"}],"author":[{"embeddable":true,"href":"https:\/\/www.evearly.news\/fr\/wp-json\/wp\/v2\/users\/6"}],"replies":[{"embeddable":true,"href":"https:\/\/www.evearly.news\/fr\/wp-json\/wp\/v2\/comments?post=313183"}],"version-history":[{"count":0,"href":"https:\/\/www.evearly.news\/fr\/wp-json\/wp\/v2\/posts\/313183\/revisions"}],"wp:featuredmedia":[{"embeddable":true,"href":"https:\/\/www.evearly.news\/fr\/wp-json\/wp\/v2\/media\/313184"}],"wp:attachment":[{"href":"https:\/\/www.evearly.news\/fr\/wp-json\/wp\/v2\/media?parent=313183"}],"wp:term":[{"taxonomy":"category","embeddable":true,"href":"https:\/\/www.evearly.news\/fr\/wp-json\/wp\/v2\/categories?post=313183"},{"taxonomy":"post_tag","embeddable":true,"href":"https:\/\/www.evearly.news\/fr\/wp-json\/wp\/v2\/tags?post=313183"}],"curies":[{"name":"wp","href":"https:\/\/api.w.org\/{rel}","templated":true}]}}