{"id":313185,"date":"2025-12-03T11:02:33","date_gmt":"2025-12-03T10:02:33","guid":{"rendered":"https:\/\/www.evearly.news\/fr\/la-vraie-raison-derriere-la-flambee-du-prix-de-lessence-prevue-en-france-en-janvier-2026\/"},"modified":"2025-12-03T11:02:33","modified_gmt":"2025-12-03T10:02:33","slug":"la-vraie-raison-derriere-la-flambee-du-prix-de-lessence-prevue-en-france-en-janvier-2026","status":"publish","type":"post","link":"https:\/\/www.evearly.news\/fr\/la-vraie-raison-derriere-la-flambee-du-prix-de-lessence-prevue-en-france-en-janvier-2026\/","title":{"rendered":"La vraie raison derri\u00e8re la flamb\u00e9e du prix de l\u2019essence pr\u00e9vue en France en janvier 2026"},"content":{"rendered":"<p><img width=\"1200\" height=\"675\" src=\"https:\/\/www.evearly.news\/fr\/wp-content\/uploads\/sites\/6\/2025\/12\/la-vraie-raison-derriere-la-flambee-du-prix-de-lessence-prevue-en-france-en-janvier-2026.jpg\" class=\"attachment-full size-full wp-post-image\" alt=\"\" decoding=\"async\" loading=\"lazy\" \/<br \/>\nEn janvier 2026, le prix de l&rsquo;essence et du diesel va augmenter plus fortement que pr\u00e9vu. En cause : les aides \u00e0 la fili\u00e8re de l&rsquo;\u00e9nergie, dont le bonus \u00e9cologique des voitures \u00e9lectriques. Mais pas seulement.<br \/>\n <a href=https:\/\/www.frandroid.com\/survoltes\/voitures-electriques\/2896451_la-vraie-raison-derriere-la-flambee-du-prix-de-lessence-prevue-en-france-en-janvier-2026 target='blank'>Lire la suite&#8230;<\/a><\/p>\n","protected":false},"excerpt":{"rendered":"<p>&lt;img width=&quot;1200&quot; height=&quot;675&quot; src=&quot;https:\/\/www.evearly.news\/fr\/wp-content\/uploads\/sites\/6\/2025\/12\/la-vraie-raison-derriere-la-flambee-du-prix-de-lessence-prevue-en-france-en-janvier-2026.jpg&quot; class=&quot;attachment-full size-full wp-post-image&quot; alt=&quot;&quot; decoding=&quot;async&quot; loading=&quot;lazy&quot; \/<br \/>\nEn janvier 2026, le prix de l&rsquo;essence et du diesel va augmenter plus fortement que pr\u00e9vu. En cause : les aides \u00e0 la fili\u00e8re de l&rsquo;\u00e9nergie, dont le bonus \u00e9cologique des voitures \u00e9lectriques. Mais pas seulement.\n<\/p>\n<p> <a class=\"continue-reading-link\" href=\"https:\/\/www.evearly.news\/fr\/la-vraie-raison-derriere-la-flambee-du-prix-de-lessence-prevue-en-france-en-janvier-2026\/\"><\/a><\/p>\n","protected":false},"author":6,"featured_media":313186,"comment_status":"closed","ping_status":"open","sticky":false,"template":"Default","format":"standard","meta":{"footnotes":""},"categories":[14],"tags":[],"class_list":["post-313185","post","type-post","status-publish","format-standard","has-post-thumbnail","hentry","category-frandroid"],"_links":{"self":[{"href":"https:\/\/www.evearly.news\/fr\/wp-json\/wp\/v2\/posts\/313185","targetHints":{"allow":["GET"]}}],"collection":[{"href":"https:\/\/www.evearly.news\/fr\/wp-json\/wp\/v2\/posts"}],"about":[{"href":"https:\/\/www.evearly.news\/fr\/wp-json\/wp\/v2\/types\/post"}],"author":[{"embeddable":true,"href":"https:\/\/www.evearly.news\/fr\/wp-json\/wp\/v2\/users\/6"}],"replies":[{"embeddable":true,"href":"https:\/\/www.evearly.news\/fr\/wp-json\/wp\/v2\/comments?post=313185"}],"version-history":[{"count":0,"href":"https:\/\/www.evearly.news\/fr\/wp-json\/wp\/v2\/posts\/313185\/revisions"}],"wp:featuredmedia":[{"embeddable":true,"href":"https:\/\/www.evearly.news\/fr\/wp-json\/wp\/v2\/media\/313186"}],"wp:attachment":[{"href":"https:\/\/www.evearly.news\/fr\/wp-json\/wp\/v2\/media?parent=313185"}],"wp:term":[{"taxonomy":"category","embeddable":true,"href":"https:\/\/www.evearly.news\/fr\/wp-json\/wp\/v2\/categories?post=313185"},{"taxonomy":"post_tag","embeddable":true,"href":"https:\/\/www.evearly.news\/fr\/wp-json\/wp\/v2\/tags?post=313185"}],"curies":[{"name":"wp","href":"https:\/\/api.w.org\/{rel}","templated":true}]}}