{"id":313193,"date":"2025-12-03T14:51:56","date_gmt":"2025-12-03T13:51:56","guid":{"rendered":"https:\/\/www.evearly.news\/fr\/les-tesla-model-3-et-model-y-en-provenance-de-chine-auraient-un-probleme-de-batterie-preoccupant\/"},"modified":"2025-12-03T14:51:56","modified_gmt":"2025-12-03T13:51:56","slug":"les-tesla-model-3-et-model-y-en-provenance-de-chine-auraient-un-probleme-de-batterie-preoccupant","status":"publish","type":"post","link":"https:\/\/www.evearly.news\/fr\/les-tesla-model-3-et-model-y-en-provenance-de-chine-auraient-un-probleme-de-batterie-preoccupant\/","title":{"rendered":"Les Tesla Model 3 et Model Y en provenance de Chine auraient un probl\u00e8me de batterie pr\u00e9occupant"},"content":{"rendered":"<p><img decoding=\"async\" width=\"500\" height=\"333\" src=\"https:\/\/www.evearly.news\/fr\/wp-content\/uploads\/sites\/6\/2025\/12\/les-tesla-model-3-et-model-y-en-provenance-de-chine-auraient-un-probleme-de-batterie-preoccupant.webp\" class=\"attachment-1200x800 size-1200x800 wp-post-image\" alt=\"\" loading=\"lazy\" srcset=\"https:\/\/www.evearly.news\/fr\/wp-content\/uploads\/sites\/6\/2025\/12\/les-tesla-model-3-et-model-y-en-provenance-de-chine-auraient-un-probleme-de-batterie-preoccupant.webp 1280w, https:\/\/www.evearly.news\/fr\/wp-content\/uploads\/sites\/6\/2025\/12\/les-tesla-model-3-et-model-y-en-provenance-de-chine-auraient-un-probleme-de-batterie-preoccupant-1.webp 1024w, https:\/\/www.evearly.news\/fr\/wp-content\/uploads\/sites\/6\/2025\/12\/les-tesla-model-3-et-model-y-en-provenance-de-chine-auraient-un-probleme-de-batterie-preoccupant-2.webp 140w, https:\/\/www.evearly.news\/fr\/wp-content\/uploads\/sites\/6\/2025\/12\/les-tesla-model-3-et-model-y-en-provenance-de-chine-auraient-un-probleme-de-batterie-preoccupant-3.webp 768w, https:\/\/www.evearly.news\/fr\/wp-content\/uploads\/sites\/6\/2025\/12\/les-tesla-model-3-et-model-y-en-provenance-de-chine-auraient-un-probleme-de-batterie-preoccupant-4.webp 700w, https:\/\/www.evearly.news\/fr\/wp-content\/uploads\/sites\/6\/2025\/12\/les-tesla-model-3-et-model-y-en-provenance-de-chine-auraient-un-probleme-de-batterie-preoccupant-5.webp 960w, https:\/\/cdn.automobile-propre.com\/uploads\/2025\/12\/tesla-model-3-china.jpg-100x66.webp 100w\" sizes=\"auto, (max-width: 1200px) 100vw, 1200px\" \/><br \/>\nUne r\u00e9cente analyse r\u00e9v\u00e8le que les packs produits par LG pour des Model 3 et Model Y assembl\u00e9es en Chine\u2026\u00a0<a href=https:\/\/www.automobile-propre.com\/articles\/les-tesla-model-3-et-model-y-en-provenance-de-chine-ont-un-probleme-de-batterie-preoccupant\/ target='bwindow'>Lire la suite&#8230;<\/a><\/p>\n","protected":false},"excerpt":{"rendered":"<p>&#8230; <a class=\"continue-reading-link\" href=\"https:\/\/www.evearly.news\/fr\/les-tesla-model-3-et-model-y-en-provenance-de-chine-auraient-un-probleme-de-batterie-preoccupant\/\"><\/a><\/p>\n","protected":false},"author":8,"featured_media":313194,"comment_status":"closed","ping_status":"open","sticky":false,"template":"Default","format":"standard","meta":{"footnotes":""},"categories":[8],"tags":[],"class_list":["post-313193","post","type-post","status-publish","format-standard","has-post-thumbnail","hentry","category-automobile-propre"],"_links":{"self":[{"href":"https:\/\/www.evearly.news\/fr\/wp-json\/wp\/v2\/posts\/313193","targetHints":{"allow":["GET"]}}],"collection":[{"href":"https:\/\/www.evearly.news\/fr\/wp-json\/wp\/v2\/posts"}],"about":[{"href":"https:\/\/www.evearly.news\/fr\/wp-json\/wp\/v2\/types\/post"}],"author":[{"embeddable":true,"href":"https:\/\/www.evearly.news\/fr\/wp-json\/wp\/v2\/users\/8"}],"replies":[{"embeddable":true,"href":"https:\/\/www.evearly.news\/fr\/wp-json\/wp\/v2\/comments?post=313193"}],"version-history":[{"count":0,"href":"https:\/\/www.evearly.news\/fr\/wp-json\/wp\/v2\/posts\/313193\/revisions"}],"wp:featuredmedia":[{"embeddable":true,"href":"https:\/\/www.evearly.news\/fr\/wp-json\/wp\/v2\/media\/313194"}],"wp:attachment":[{"href":"https:\/\/www.evearly.news\/fr\/wp-json\/wp\/v2\/media?parent=313193"}],"wp:term":[{"taxonomy":"category","embeddable":true,"href":"https:\/\/www.evearly.news\/fr\/wp-json\/wp\/v2\/categories?post=313193"},{"taxonomy":"post_tag","embeddable":true,"href":"https:\/\/www.evearly.news\/fr\/wp-json\/wp\/v2\/tags?post=313193"}],"curies":[{"name":"wp","href":"https:\/\/api.w.org\/{rel}","templated":true}]}}