{"id":313195,"date":"2025-12-03T15:15:05","date_gmt":"2025-12-03T14:15:05","guid":{"rendered":"https:\/\/www.evearly.news\/fr\/renault-fait-deja-rouler-sa-r4-electrique-4x4-voici-les-premiers-avis-et-pourquoi-elle-merite-davoir-une-nouvelle-batterie\/"},"modified":"2025-12-03T15:15:05","modified_gmt":"2025-12-03T14:15:05","slug":"renault-fait-deja-rouler-sa-r4-electrique-4x4-voici-les-premiers-avis-et-pourquoi-elle-merite-davoir-une-nouvelle-batterie","status":"publish","type":"post","link":"https:\/\/www.evearly.news\/fr\/renault-fait-deja-rouler-sa-r4-electrique-4x4-voici-les-premiers-avis-et-pourquoi-elle-merite-davoir-une-nouvelle-batterie\/","title":{"rendered":"Renault fait d\u00e9j\u00e0 rouler sa R4 \u00e9lectrique 4\u00d74 : voici les premiers avis et pourquoi elle m\u00e9rite d\u2019avoir une nouvelle batterie"},"content":{"rendered":"<p><img width=\"1200\" height=\"675\" src=\"https:\/\/www.evearly.news\/fr\/wp-content\/uploads\/sites\/6\/2025\/12\/renault-fait-deja-rouler-sa-r4-electrique-4x4-voici-les-premiers-avis-et-pourquoi-elle-merite-davoir-une-nouvelle-batterie.jpg\" class=\"attachment-full size-full wp-post-image\" alt=\"\" decoding=\"async\" loading=\"lazy\" \/<br \/>\nRenault pourrait bient\u00f4t commercialiser une version 4&#215;4 de sa R4, et des prototypes roulent d\u00e9j\u00e0. Mais l&rsquo;arriv\u00e9e d&rsquo;une telle version sur cette voiture \u00e9lectrique ne devrait pas se faire sans quelques \u00e9volutions techniques plus importantes que l&rsquo;ajout d&rsquo;un simple moteur au niveau de l&rsquo;essieu arri\u00e8re.<br \/>\n <a href=https:\/\/www.frandroid.com\/marques\/renault\/2897127_renault-fait-deja-rouler-sa-r4-electrique-4x4-voici-les-premiers-avis-et-pourquoi-elle-merite-davoir-une-nouvelle-batterie target='blank'>Lire la suite&#8230;<\/a><\/p>\n","protected":false},"excerpt":{"rendered":"<p>&lt;img width=&quot;1200&quot; height=&quot;675&quot; src=&quot;https:\/\/www.evearly.news\/fr\/wp-content\/uploads\/sites\/6\/2025\/12\/renault-fait-deja-rouler-sa-r4-electrique-4&#215;4-voici-les-premiers-avis-et-pourquoi-elle-merite-davoir-une-nouvelle-batterie.jpg&quot; class=&quot;attachment-full size-full wp-post-image&quot; alt=&quot;&quot; decoding=&quot;async&quot; loading=&quot;lazy&quot; \/<br \/>\nRenault pourrait bient\u00f4t commercialiser une version 4&#215;4 de sa R4, et des prototypes roulent d\u00e9j\u00e0. Mais l&rsquo;arriv\u00e9e d&rsquo;une telle version sur cette voiture \u00e9lectrique ne devrait pas se faire sans quelques \u00e9volutions techniques plus importantes que l&rsquo;ajout d&rsquo;un simple moteur au niveau de l&rsquo;essieu arri\u00e8re.\n<\/p>\n<p> <a class=\"continue-reading-link\" href=\"https:\/\/www.evearly.news\/fr\/renault-fait-deja-rouler-sa-r4-electrique-4x4-voici-les-premiers-avis-et-pourquoi-elle-merite-davoir-une-nouvelle-batterie\/\"><\/a><\/p>\n","protected":false},"author":6,"featured_media":313196,"comment_status":"closed","ping_status":"open","sticky":false,"template":"Default","format":"standard","meta":{"footnotes":""},"categories":[14],"tags":[],"class_list":["post-313195","post","type-post","status-publish","format-standard","has-post-thumbnail","hentry","category-frandroid"],"_links":{"self":[{"href":"https:\/\/www.evearly.news\/fr\/wp-json\/wp\/v2\/posts\/313195","targetHints":{"allow":["GET"]}}],"collection":[{"href":"https:\/\/www.evearly.news\/fr\/wp-json\/wp\/v2\/posts"}],"about":[{"href":"https:\/\/www.evearly.news\/fr\/wp-json\/wp\/v2\/types\/post"}],"author":[{"embeddable":true,"href":"https:\/\/www.evearly.news\/fr\/wp-json\/wp\/v2\/users\/6"}],"replies":[{"embeddable":true,"href":"https:\/\/www.evearly.news\/fr\/wp-json\/wp\/v2\/comments?post=313195"}],"version-history":[{"count":0,"href":"https:\/\/www.evearly.news\/fr\/wp-json\/wp\/v2\/posts\/313195\/revisions"}],"wp:featuredmedia":[{"embeddable":true,"href":"https:\/\/www.evearly.news\/fr\/wp-json\/wp\/v2\/media\/313196"}],"wp:attachment":[{"href":"https:\/\/www.evearly.news\/fr\/wp-json\/wp\/v2\/media?parent=313195"}],"wp:term":[{"taxonomy":"category","embeddable":true,"href":"https:\/\/www.evearly.news\/fr\/wp-json\/wp\/v2\/categories?post=313195"},{"taxonomy":"post_tag","embeddable":true,"href":"https:\/\/www.evearly.news\/fr\/wp-json\/wp\/v2\/tags?post=313195"}],"curies":[{"name":"wp","href":"https:\/\/api.w.org\/{rel}","templated":true}]}}