{"id":313201,"date":"2025-12-03T16:02:22","date_gmt":"2025-12-03T15:02:22","guid":{"rendered":"https:\/\/www.evearly.news\/fr\/le-ford-e-transit-custom-electrique-ameliore-son-autonomie\/"},"modified":"2025-12-03T16:02:22","modified_gmt":"2025-12-03T15:02:22","slug":"le-ford-e-transit-custom-electrique-ameliore-son-autonomie","status":"publish","type":"post","link":"https:\/\/www.evearly.news\/fr\/le-ford-e-transit-custom-electrique-ameliore-son-autonomie\/","title":{"rendered":"Le Ford e-Transit Custom \u00e9lectrique am\u00e9liore son autonomie"},"content":{"rendered":"<p><img loading=\"lazy\" decoding=\"async\" width=\"500\" height=\"333\" src=\"https:\/\/www.evearly.news\/fr\/wp-content\/uploads\/sites\/6\/2025\/12\/le-ford-e-transit-custom-electrique-ameliore-son-autonomie.jpg\" class=\"attachment-1200x800 size-1200x800 wp-post-image\" alt=\"Ford eTransit Custom AWD\" srcset=\"https:\/\/www.evearly.news\/fr\/wp-content\/uploads\/sites\/6\/2025\/12\/le-ford-e-transit-custom-electrique-ameliore-son-autonomie.jpg 1920w, https:\/\/www.evearly.news\/fr\/wp-content\/uploads\/sites\/6\/2025\/12\/le-ford-e-transit-custom-electrique-ameliore-son-autonomie-1.jpg 1640w, https:\/\/www.evearly.news\/fr\/wp-content\/uploads\/sites\/6\/2025\/12\/le-ford-e-transit-custom-electrique-ameliore-son-autonomie-2.jpg 1024w, https:\/\/www.evearly.news\/fr\/wp-content\/uploads\/sites\/6\/2025\/12\/le-ford-e-transit-custom-electrique-ameliore-son-autonomie-3.jpg 768w, https:\/\/www.evearly.news\/fr\/wp-content\/uploads\/sites\/6\/2025\/12\/le-ford-e-transit-custom-electrique-ameliore-son-autonomie-4.jpg 1536w, https:\/\/cdn.automobile-propre.com\/uploads\/2025\/07\/Ford_e-Transit-Custom-AWD_02-620x349.jpg 620w\" sizes=\"auto, (max-width: 1200px) 100vw, 1200px\" \/><br \/>\nFord va augmenter la capacit\u00e9 utile de la batterie des e-Transit Custom et e-Tourneo Custom. Les utilitaires \u00e9lectriques de la marque am\u00e9ricaine disposeront d\u00e9sormais d&rsquo;une capacit\u00e9 utile de 70 kWh et d&rsquo;une autonomie WLTP de 370 km.\u00a0<a href=https:\/\/www.automobile-propre.com\/breves\/le-ford-e-transit-electrique-gagnera-50-km-dautonomie-en-2026\/ target='bwindow'>Lire la suite&#8230;<\/a><\/p>\n","protected":false},"excerpt":{"rendered":"<p>&#8230; <a class=\"continue-reading-link\" href=\"https:\/\/www.evearly.news\/fr\/le-ford-e-transit-custom-electrique-ameliore-son-autonomie\/\"><\/a><\/p>\n","protected":false},"author":8,"featured_media":313202,"comment_status":"closed","ping_status":"open","sticky":false,"template":"Default","format":"standard","meta":{"footnotes":""},"categories":[8],"tags":[],"class_list":["post-313201","post","type-post","status-publish","format-standard","has-post-thumbnail","hentry","category-automobile-propre"],"_links":{"self":[{"href":"https:\/\/www.evearly.news\/fr\/wp-json\/wp\/v2\/posts\/313201","targetHints":{"allow":["GET"]}}],"collection":[{"href":"https:\/\/www.evearly.news\/fr\/wp-json\/wp\/v2\/posts"}],"about":[{"href":"https:\/\/www.evearly.news\/fr\/wp-json\/wp\/v2\/types\/post"}],"author":[{"embeddable":true,"href":"https:\/\/www.evearly.news\/fr\/wp-json\/wp\/v2\/users\/8"}],"replies":[{"embeddable":true,"href":"https:\/\/www.evearly.news\/fr\/wp-json\/wp\/v2\/comments?post=313201"}],"version-history":[{"count":0,"href":"https:\/\/www.evearly.news\/fr\/wp-json\/wp\/v2\/posts\/313201\/revisions"}],"wp:featuredmedia":[{"embeddable":true,"href":"https:\/\/www.evearly.news\/fr\/wp-json\/wp\/v2\/media\/313202"}],"wp:attachment":[{"href":"https:\/\/www.evearly.news\/fr\/wp-json\/wp\/v2\/media?parent=313201"}],"wp:term":[{"taxonomy":"category","embeddable":true,"href":"https:\/\/www.evearly.news\/fr\/wp-json\/wp\/v2\/categories?post=313201"},{"taxonomy":"post_tag","embeddable":true,"href":"https:\/\/www.evearly.news\/fr\/wp-json\/wp\/v2\/tags?post=313201"}],"curies":[{"name":"wp","href":"https:\/\/api.w.org\/{rel}","templated":true}]}}