{"id":313205,"date":"2025-12-03T16:30:02","date_gmt":"2025-12-03T15:30:02","guid":{"rendered":"https:\/\/www.evearly.news\/fr\/actualite-zero-carburant-fossile-la-france-ouvre-sa-premiere-aire-100-dediee-aux-voitures-electriques\/"},"modified":"2025-12-03T16:30:02","modified_gmt":"2025-12-03T15:30:02","slug":"actualite-zero-carburant-fossile-la-france-ouvre-sa-premiere-aire-100-dediee-aux-voitures-electriques","status":"publish","type":"post","link":"https:\/\/www.evearly.news\/fr\/actualite-zero-carburant-fossile-la-france-ouvre-sa-premiere-aire-100-dediee-aux-voitures-electriques\/","title":{"rendered":"Actualit\u00e9 : Z\u00e9ro carburant fossile\u00a0:\u00a0la France ouvre sa premi\u00e8re aire 100\u00a0% d\u00e9di\u00e9e aux voitures \u00e9lectriques"},"content":{"rendered":"<p><img src='https:\/\/www.evearly.news\/fr\/wp-content\/uploads\/sites\/6\/2025\/12\/actualite-zero-carburant-fossile-la-france-ouvre-sa-premiere-aire-100-dediee-aux-voitures-electriques.jpg' alt='Les Num\u00e9riques' \/>La Bretagne s&rsquo;appr\u00eate \u00e0 inaugurer une infrastructure in\u00e9dite sur le territoire national. En 2026, l&rsquo;entreprise n\u00e9erlandaise Fastned ouvrira \u00e0 Saint-Yvi une aire de service enti\u00e8rement d\u00e9di\u00e9e \u00e0 la recharge \u00e9lectrique, sans aucune pompe \u00e0 essence ni diesel. Une premi\u00e8re qui redessine les contours de la mobilit\u00e9 sur nos grands axes routiers. <a href=https:\/\/www.lesnumeriques.com\/voiture-electrique\/zero-carburant-fossile-la-france-ouvre-sa-premiere-aire-100-dediee-aux-voitures-electriques-n247511.html target='bwindow'>Lire la suite&#8230;<\/a><\/p>\n","protected":false},"excerpt":{"rendered":"<p>La Bretagne s&rsquo;appr\u00eate \u00e0 inaugurer une infrastructure in\u00e9dite sur le territoire national. En 2026, l&rsquo;entreprise n\u00e9erlandaise Fastned ouvrira \u00e0 Saint-Yvi une aire de service enti\u00e8rement d\u00e9di\u00e9e \u00e0 la recharge \u00e9lectrique, sans&#8230; <a class=\"continue-reading-link\" href=\"https:\/\/www.evearly.news\/fr\/actualite-zero-carburant-fossile-la-france-ouvre-sa-premiere-aire-100-dediee-aux-voitures-electriques\/\"><\/a><\/p>\n","protected":false},"author":15,"featured_media":313206,"comment_status":"closed","ping_status":"open","sticky":false,"template":"Default","format":"standard","meta":{"footnotes":""},"categories":[16],"tags":[],"class_list":["post-313205","post","type-post","status-publish","format-standard","has-post-thumbnail","hentry","category-lesnumeriques"],"_links":{"self":[{"href":"https:\/\/www.evearly.news\/fr\/wp-json\/wp\/v2\/posts\/313205","targetHints":{"allow":["GET"]}}],"collection":[{"href":"https:\/\/www.evearly.news\/fr\/wp-json\/wp\/v2\/posts"}],"about":[{"href":"https:\/\/www.evearly.news\/fr\/wp-json\/wp\/v2\/types\/post"}],"author":[{"embeddable":true,"href":"https:\/\/www.evearly.news\/fr\/wp-json\/wp\/v2\/users\/15"}],"replies":[{"embeddable":true,"href":"https:\/\/www.evearly.news\/fr\/wp-json\/wp\/v2\/comments?post=313205"}],"version-history":[{"count":0,"href":"https:\/\/www.evearly.news\/fr\/wp-json\/wp\/v2\/posts\/313205\/revisions"}],"wp:featuredmedia":[{"embeddable":true,"href":"https:\/\/www.evearly.news\/fr\/wp-json\/wp\/v2\/media\/313206"}],"wp:attachment":[{"href":"https:\/\/www.evearly.news\/fr\/wp-json\/wp\/v2\/media?parent=313205"}],"wp:term":[{"taxonomy":"category","embeddable":true,"href":"https:\/\/www.evearly.news\/fr\/wp-json\/wp\/v2\/categories?post=313205"},{"taxonomy":"post_tag","embeddable":true,"href":"https:\/\/www.evearly.news\/fr\/wp-json\/wp\/v2\/tags?post=313205"}],"curies":[{"name":"wp","href":"https:\/\/api.w.org\/{rel}","templated":true}]}}