{"id":313209,"date":"2025-12-03T16:33:54","date_gmt":"2025-12-03T15:33:54","guid":{"rendered":"https:\/\/www.evearly.news\/fr\/fin-des-voitures-thermiques-en-2035-leurope-change-davis-les-infos-en-direct\/"},"modified":"2025-12-03T16:33:54","modified_gmt":"2025-12-03T15:33:54","slug":"fin-des-voitures-thermiques-en-2035-leurope-change-davis-les-infos-en-direct","status":"publish","type":"post","link":"https:\/\/www.evearly.news\/fr\/fin-des-voitures-thermiques-en-2035-leurope-change-davis-les-infos-en-direct\/","title":{"rendered":"\ud83d\udd34 Fin des voitures thermiques en 2035\u00a0: l\u2019Europe change d\u2019avis, les infos en direct"},"content":{"rendered":"<p><img loading=\"lazy\" width=\"1920\" height=\"1280\" src=\"https:\/\/www.evearly.news\/fr\/wp-content\/uploads\/sites\/6\/2025\/12\/f09f94b4-fin-des-voitures-thermiques-en-2035-leurope-change-davis-les-infos-en-direct.jpg\" class=\"attachment-full size-full wp-post-image\" alt=\"fin moteur thermique 2035 europe\" decoding=\"async\" srcset=\"https:\/\/www.evearly.news\/fr\/wp-content\/uploads\/sites\/6\/2025\/12\/f09f94b4-fin-des-voitures-thermiques-en-2035-leurope-change-davis-les-infos-en-direct.jpg 1920w, https:\/\/www.evearly.news\/fr\/wp-content\/uploads\/sites\/6\/2025\/12\/f09f94b4-fin-des-voitures-thermiques-en-2035-leurope-change-davis-les-infos-en-direct-1.jpg 384w, https:\/\/www.evearly.news\/fr\/wp-content\/uploads\/sites\/6\/2025\/12\/f09f94b4-fin-des-voitures-thermiques-en-2035-leurope-change-davis-les-infos-en-direct-2.jpg 880w, https:\/\/www.evearly.news\/fr\/wp-content\/uploads\/sites\/6\/2025\/12\/f09f94b4-fin-des-voitures-thermiques-en-2035-leurope-change-davis-les-infos-en-direct-3.jpg 50w, https:\/\/www.evearly.news\/fr\/wp-content\/uploads\/sites\/6\/2025\/12\/f09f94b4-fin-des-voitures-thermiques-en-2035-leurope-change-davis-les-infos-en-direct-4.jpg 640w, https:\/\/www.evearly.news\/fr\/wp-content\/uploads\/sites\/6\/2025\/12\/f09f94b4-fin-des-voitures-thermiques-en-2035-leurope-change-davis-les-infos-en-direct-5.jpg 1280w, https:\/\/www.presse-citron.net\/app\/uploads\/2025\/12\/fin-thermique-2035-europe-1632x1088.jpg 1632w\" sizes=\"auto, (max-width: 1920px) 100vw, 1920px\"><\/p>\n<p>La pression de l\u2019Allemagne a fait pencher la balance : l\u2019Union europ\u00e9enne n\u2019interdira pas totalement les moteurs thermiques. Mais attention, leur commercialisation sera tout de m\u00eame limit\u00e9e \u00e0 des conditions tr\u00e8s strictes qui r\u00e9duiront \u00e9norm\u00e9ment les volumes.<a href=\"https:\/\/www.presse-citron.net\/fin-moteur-thermique-2035-voiture-info-europe-direct\/\" target=blank> Lire la suite&#8230;<\/a><\/p>\n","protected":false},"excerpt":{"rendered":"<p>La pression de l\u2019Allemagne a fait pencher la balance : l\u2019Union europ\u00e9enne n\u2019interdira pas totalement les moteurs thermiques. Mais attention, leur commercialisation sera tout de m\u00eame limit\u00e9e \u00e0 des conditions tr\u00e8s strictes qui r\u00e9duiront \u00e9norm\u00e9ment les volumes&#8230;. <a class=\"continue-reading-link\" href=\"https:\/\/www.evearly.news\/fr\/fin-des-voitures-thermiques-en-2035-leurope-change-davis-les-infos-en-direct\/\"><\/a><\/p>\n","protected":false},"author":18,"featured_media":313210,"comment_status":"closed","ping_status":"open","sticky":false,"template":"Default","format":"standard","meta":{"footnotes":""},"categories":[19],"tags":[],"class_list":["post-313209","post","type-post","status-publish","format-standard","has-post-thumbnail","hentry","category-presse-citron"],"_links":{"self":[{"href":"https:\/\/www.evearly.news\/fr\/wp-json\/wp\/v2\/posts\/313209","targetHints":{"allow":["GET"]}}],"collection":[{"href":"https:\/\/www.evearly.news\/fr\/wp-json\/wp\/v2\/posts"}],"about":[{"href":"https:\/\/www.evearly.news\/fr\/wp-json\/wp\/v2\/types\/post"}],"author":[{"embeddable":true,"href":"https:\/\/www.evearly.news\/fr\/wp-json\/wp\/v2\/users\/18"}],"replies":[{"embeddable":true,"href":"https:\/\/www.evearly.news\/fr\/wp-json\/wp\/v2\/comments?post=313209"}],"version-history":[{"count":0,"href":"https:\/\/www.evearly.news\/fr\/wp-json\/wp\/v2\/posts\/313209\/revisions"}],"wp:featuredmedia":[{"embeddable":true,"href":"https:\/\/www.evearly.news\/fr\/wp-json\/wp\/v2\/media\/313210"}],"wp:attachment":[{"href":"https:\/\/www.evearly.news\/fr\/wp-json\/wp\/v2\/media?parent=313209"}],"wp:term":[{"taxonomy":"category","embeddable":true,"href":"https:\/\/www.evearly.news\/fr\/wp-json\/wp\/v2\/categories?post=313209"},{"taxonomy":"post_tag","embeddable":true,"href":"https:\/\/www.evearly.news\/fr\/wp-json\/wp\/v2\/tags?post=313209"}],"curies":[{"name":"wp","href":"https:\/\/api.w.org\/{rel}","templated":true}]}}