{"id":313211,"date":"2025-12-03T18:02:48","date_gmt":"2025-12-03T17:02:48","guid":{"rendered":"https:\/\/www.evearly.news\/fr\/essai-kia-pv5-cargo-lutilitaire-de-lannee-2026-vraiment\/"},"modified":"2025-12-03T18:02:48","modified_gmt":"2025-12-03T17:02:48","slug":"essai-kia-pv5-cargo-lutilitaire-de-lannee-2026-vraiment","status":"publish","type":"post","link":"https:\/\/www.evearly.news\/fr\/essai-kia-pv5-cargo-lutilitaire-de-lannee-2026-vraiment\/","title":{"rendered":"Essai Kia PV5 Cargo : l\u2019utilitaire de l\u2019ann\u00e9e 2026, vraiment ?"},"content":{"rendered":"<p><img decoding=\"async\" width=\"500\" height=\"333\" src=\"https:\/\/cdn.automobile-propre.com\/uploads\/2025\/12\/\u00a9Nass-M.-Essai-KIA-PV5-Cargo-5-1536x1024.jpg\" class=\"attachment-1200x800 size-1200x800 wp-post-image\" alt=\"KIA PV5 Cargo\" loading=\"lazy\" srcset=\"https:\/\/cdn.automobile-propre.com\/uploads\/2025\/12\/\u00a9Nass-M.-Essai-KIA-PV5-Cargo-5-1536x1024.jpg 1536w, https:\/\/cdn.automobile-propre.com\/uploads\/2025\/12\/\u00a9Nass-M.-Essai-KIA-PV5-Cargo-5-1640x1093.jpg 1640w, https:\/\/cdn.automobile-propre.com\/uploads\/2025\/12\/\u00a9Nass-M.-Essai-KIA-PV5-Cargo-5-1024x682.jpg 1024w, https:\/\/cdn.automobile-propre.com\/uploads\/2025\/12\/\u00a9Nass-M.-Essai-KIA-PV5-Cargo-5-140x93.jpg 140w, https:\/\/cdn.automobile-propre.com\/uploads\/2025\/12\/\u00a9Nass-M.-Essai-KIA-PV5-Cargo-5-768x512.jpg 768w, https:\/\/cdn.automobile-propre.com\/uploads\/2025\/12\/\u00a9Nass-M.-Essai-KIA-PV5-Cargo-5-700x467.jpg 700w, https:\/\/cdn.automobile-propre.com\/uploads\/2025\/12\/\u00a9Nass-M.-Essai-KIA-PV5-Cargo-5-960x640.jpg 960w, https:\/\/cdn.automobile-propre.com\/uploads\/2025\/12\/\u00a9Nass-M.-Essai-KIA-PV5-Cargo-5-100x66.jpg 100w, https:\/\/cdn.automobile-propre.com\/uploads\/2025\/12\/\u00a9Nass-M.-Essai-KIA-PV5-Cargo-5.jpg 2000w\" sizes=\"auto, (max-width: 1200px) 100vw, 1200px\" \/><br \/>\nKia nous propose de prendre le volant de son nouvel utilitaire \u00e9lectrique, fra\u00eechement \u00e9lu International Van of the Year 2026.\u2026\u00a0<a href=https:\/\/www.automobile-propre.com\/articles\/essai-kia-pv5-cargo-lutilitaire-de-lannee-2026-vraiment\/ target='bwindow'>Lire la suite&#8230;<\/a><\/p>\n","protected":false},"excerpt":{"rendered":"<p>&#8230; <a class=\"continue-reading-link\" href=\"https:\/\/www.evearly.news\/fr\/essai-kia-pv5-cargo-lutilitaire-de-lannee-2026-vraiment\/\"><\/a><\/p>\n","protected":false},"author":8,"featured_media":0,"comment_status":"closed","ping_status":"open","sticky":false,"template":"Default","format":"standard","meta":{"footnotes":""},"categories":[8],"tags":[],"class_list":["post-313211","post","type-post","status-publish","format-standard","hentry","category-automobile-propre"],"_links":{"self":[{"href":"https:\/\/www.evearly.news\/fr\/wp-json\/wp\/v2\/posts\/313211","targetHints":{"allow":["GET"]}}],"collection":[{"href":"https:\/\/www.evearly.news\/fr\/wp-json\/wp\/v2\/posts"}],"about":[{"href":"https:\/\/www.evearly.news\/fr\/wp-json\/wp\/v2\/types\/post"}],"author":[{"embeddable":true,"href":"https:\/\/www.evearly.news\/fr\/wp-json\/wp\/v2\/users\/8"}],"replies":[{"embeddable":true,"href":"https:\/\/www.evearly.news\/fr\/wp-json\/wp\/v2\/comments?post=313211"}],"version-history":[{"count":0,"href":"https:\/\/www.evearly.news\/fr\/wp-json\/wp\/v2\/posts\/313211\/revisions"}],"wp:attachment":[{"href":"https:\/\/www.evearly.news\/fr\/wp-json\/wp\/v2\/media?parent=313211"}],"wp:term":[{"taxonomy":"category","embeddable":true,"href":"https:\/\/www.evearly.news\/fr\/wp-json\/wp\/v2\/categories?post=313211"},{"taxonomy":"post_tag","embeddable":true,"href":"https:\/\/www.evearly.news\/fr\/wp-json\/wp\/v2\/tags?post=313211"}],"curies":[{"name":"wp","href":"https:\/\/api.w.org\/{rel}","templated":true}]}}