{"id":313216,"date":"2025-12-03T23:11:50","date_gmt":"2025-12-03T22:11:50","guid":{"rendered":"https:\/\/www.evearly.news\/fr\/les-voitures-electriques-aussi-vont-avoir-droit-a-des-aires-de-service-dediees-en-france\/"},"modified":"2025-12-03T23:11:50","modified_gmt":"2025-12-03T22:11:50","slug":"les-voitures-electriques-aussi-vont-avoir-droit-a-des-aires-de-service-dediees-en-france","status":"publish","type":"post","link":"https:\/\/www.evearly.news\/fr\/les-voitures-electriques-aussi-vont-avoir-droit-a-des-aires-de-service-dediees-en-france\/","title":{"rendered":"Les voitures \u00e9lectriques aussi vont avoir droit \u00e0 des aires de service d\u00e9di\u00e9es en France"},"content":{"rendered":"<div class=\"media_block\"><img decoding=\"async\" src=\"https:\/\/www.evearly.news\/fr\/wp-content\/uploads\/sites\/6\/2025\/12\/les-voitures-electriques-aussi-vont-avoir-droit-a-des-aires-de-service-dediees-en-france.png\"><\/div>\n<p>La recharge \u00e9lectrique s\u2019appr\u00eate \u00e0 investir les aires de service fran\u00e7aises. Fastned, sp\u00e9cialis\u00e9e dans les bornes de recharge pour v\u00e9hicules \u00e9lectrique, remporte l\u2019appel d\u2019offres pour la premi\u00e8re station exclusivement d\u00e9di\u00e9e aux voitures \u00e9lectriques. Situ\u00e9e en Bretagne sur la RN165, elle proposera 6 bornes ultra-rapides d\u00e8s 2026. Boutique, sanitaires, jardin paysager : l\u2019\u00e9quation pause-recharge se concr\u00e9tise enfin pour rivaliser avec les stations essence. <a href=https:\/\/www.automobile-magazine.fr\/voitures-electriques\/article\/50315-les-voitures-electriques-aussi-vont-avoir-droit-a-des-aires-de-service-dediees-en-france target='bwindow'>Lire la suite&#8230;<\/a><\/p>\n","protected":false},"excerpt":{"rendered":"<div class=\"media_block\"><img decoding=\"async\" src=\"https:\/\/www.evearly.news\/fr\/wp-content\/uploads\/sites\/6\/2025\/12\/les-voitures-electriques-aussi-vont-avoir-droit-a-des-aires-de-service-dediees-en-france.png\"><\/div>\n<p> <a class=\"continue-reading-link\" href=\"https:\/\/www.evearly.news\/fr\/les-voitures-electriques-aussi-vont-avoir-droit-a-des-aires-de-service-dediees-en-france\/\"><\/a><\/p>\n","protected":false},"author":7,"featured_media":313217,"comment_status":"closed","ping_status":"open","sticky":false,"template":"Default","format":"standard","meta":{"footnotes":""},"categories":[7],"tags":[],"class_list":["post-313216","post","type-post","status-publish","format-standard","has-post-thumbnail","hentry","category-automobile-magazine"],"_links":{"self":[{"href":"https:\/\/www.evearly.news\/fr\/wp-json\/wp\/v2\/posts\/313216","targetHints":{"allow":["GET"]}}],"collection":[{"href":"https:\/\/www.evearly.news\/fr\/wp-json\/wp\/v2\/posts"}],"about":[{"href":"https:\/\/www.evearly.news\/fr\/wp-json\/wp\/v2\/types\/post"}],"author":[{"embeddable":true,"href":"https:\/\/www.evearly.news\/fr\/wp-json\/wp\/v2\/users\/7"}],"replies":[{"embeddable":true,"href":"https:\/\/www.evearly.news\/fr\/wp-json\/wp\/v2\/comments?post=313216"}],"version-history":[{"count":0,"href":"https:\/\/www.evearly.news\/fr\/wp-json\/wp\/v2\/posts\/313216\/revisions"}],"wp:featuredmedia":[{"embeddable":true,"href":"https:\/\/www.evearly.news\/fr\/wp-json\/wp\/v2\/media\/313217"}],"wp:attachment":[{"href":"https:\/\/www.evearly.news\/fr\/wp-json\/wp\/v2\/media?parent=313216"}],"wp:term":[{"taxonomy":"category","embeddable":true,"href":"https:\/\/www.evearly.news\/fr\/wp-json\/wp\/v2\/categories?post=313216"},{"taxonomy":"post_tag","embeddable":true,"href":"https:\/\/www.evearly.news\/fr\/wp-json\/wp\/v2\/tags?post=313216"}],"curies":[{"name":"wp","href":"https:\/\/api.w.org\/{rel}","templated":true}]}}