{"id":313244,"date":"2025-12-04T11:06:30","date_gmt":"2025-12-04T10:06:30","guid":{"rendered":"https:\/\/www.evearly.news\/fr\/participez-au-webinaire-orange-lautopartage-en-mode-electrique\/"},"modified":"2025-12-04T11:06:30","modified_gmt":"2025-12-04T10:06:30","slug":"participez-au-webinaire-orange-lautopartage-en-mode-electrique","status":"publish","type":"post","link":"https:\/\/www.evearly.news\/fr\/participez-au-webinaire-orange-lautopartage-en-mode-electrique\/","title":{"rendered":"Participez au webinaire \u00ab\u00a0Orange : l\u2019autopartage en mode \u00e9lectrique\u00a0\u00bb"},"content":{"rendered":"<p><img loading=\"lazy\" decoding=\"async\" width=\"650\" height=\"430\" class=\"entry-thumb\" src=\"https:\/\/www.evearly.news\/fr\/wp-content\/uploads\/sites\/6\/2025\/12\/participez-au-webinaire-orange-lautopartage-en-mode-electrique.jpg\" alt=\"Webinaire \"Orange : l'autopartage en mode \u00e9lectrique\"\" title=\"Webinaire \"Orange : l'autopartage en mode \u00e9lectrique\"\"\/><br \/>Flottes Automobiles vous donne rendez-vous le 16 d\u00e9cembre 2025 \u00e0 11h30 pour un webinaire durant lequel Alexandre Nepveu, directeur de la gestion des v\u00e9hicules d\u2019Orange, partagera les enseignements tir\u00e9s de l\u2019autopartage \u00e9lectrique. <a href=https:\/\/www.flotauto.com\/webinaire-orange-autopartage\/ target='bwindow'>Lire la suite&#8230;<\/a><\/p>\n","protected":false},"excerpt":{"rendered":"<p>Flottes Automobiles vous donne rendez-vous le 16 d\u00e9cembre 2025 \u00e0 11h30 pour un webinaire durant lequel Alexandre Nepveu, directeur de la gestion des v\u00e9hicules d\u2019Orange, partagera les enseignements tir\u00e9s de l\u2019autopartage \u00e9lectrique&#8230;. <a class=\"continue-reading-link\" href=\"https:\/\/www.evearly.news\/fr\/participez-au-webinaire-orange-lautopartage-en-mode-electrique\/\"><\/a><\/p>\n","protected":false},"author":35,"featured_media":313245,"comment_status":"closed","ping_status":"open","sticky":false,"template":"Default","format":"standard","meta":{"footnotes":""},"categories":[179],"tags":[],"class_list":["post-313244","post","type-post","status-publish","format-standard","has-post-thumbnail","hentry","category-flotauto-com"],"_links":{"self":[{"href":"https:\/\/www.evearly.news\/fr\/wp-json\/wp\/v2\/posts\/313244","targetHints":{"allow":["GET"]}}],"collection":[{"href":"https:\/\/www.evearly.news\/fr\/wp-json\/wp\/v2\/posts"}],"about":[{"href":"https:\/\/www.evearly.news\/fr\/wp-json\/wp\/v2\/types\/post"}],"author":[{"embeddable":true,"href":"https:\/\/www.evearly.news\/fr\/wp-json\/wp\/v2\/users\/35"}],"replies":[{"embeddable":true,"href":"https:\/\/www.evearly.news\/fr\/wp-json\/wp\/v2\/comments?post=313244"}],"version-history":[{"count":0,"href":"https:\/\/www.evearly.news\/fr\/wp-json\/wp\/v2\/posts\/313244\/revisions"}],"wp:featuredmedia":[{"embeddable":true,"href":"https:\/\/www.evearly.news\/fr\/wp-json\/wp\/v2\/media\/313245"}],"wp:attachment":[{"href":"https:\/\/www.evearly.news\/fr\/wp-json\/wp\/v2\/media?parent=313244"}],"wp:term":[{"taxonomy":"category","embeddable":true,"href":"https:\/\/www.evearly.news\/fr\/wp-json\/wp\/v2\/categories?post=313244"},{"taxonomy":"post_tag","embeddable":true,"href":"https:\/\/www.evearly.news\/fr\/wp-json\/wp\/v2\/tags?post=313244"}],"curies":[{"name":"wp","href":"https:\/\/api.w.org\/{rel}","templated":true}]}}