{"id":313246,"date":"2025-12-04T11:20:04","date_gmt":"2025-12-04T10:20:04","guid":{"rendered":"https:\/\/www.evearly.news\/fr\/ouverture-des-commandes-pour-la-troisieme-generation-de-la-nissan-leaf\/"},"modified":"2025-12-04T11:20:04","modified_gmt":"2025-12-04T10:20:04","slug":"ouverture-des-commandes-pour-la-troisieme-generation-de-la-nissan-leaf","status":"publish","type":"post","link":"https:\/\/www.evearly.news\/fr\/ouverture-des-commandes-pour-la-troisieme-generation-de-la-nissan-leaf\/","title":{"rendered":"Ouverture des commandes pour la troisi\u00e8me g\u00e9n\u00e9ration de la Nissan Leaf"},"content":{"rendered":"<p><img width=\"1000\" height=\"563\" src=\"https:\/\/www.evearly.news\/fr\/wp-content\/uploads\/sites\/6\/2025\/12\/ouverture-des-commandes-pour-la-troisieme-generation-de-la-nissan-leaf.jpg\" class=\"attachment-post-thumbnail size-post-thumbnail wp-post-image\" alt=\"Nissan Leaf Ouverture commandes\" decoding=\"async\" fetchpriority=\"high\" srcset=\"https:\/\/www.evearly.news\/fr\/wp-content\/uploads\/sites\/6\/2025\/12\/ouverture-des-commandes-pour-la-troisieme-generation-de-la-nissan-leaf.jpg 1000w, https:\/\/www.evearly.news\/fr\/wp-content\/uploads\/sites\/6\/2025\/12\/ouverture-des-commandes-pour-la-troisieme-generation-de-la-nissan-leaf-1.jpg 300w, https:\/\/www.evearly.news\/fr\/wp-content\/uploads\/sites\/6\/2025\/12\/ouverture-des-commandes-pour-la-troisieme-generation-de-la-nissan-leaf-2.jpg 998w, https:\/\/www.avem.fr\/wp-content\/uploads\/2025\/12\/Ouverture-commandes-Nissan-Leaf-Une-768x432.jpg 768w\" sizes=\"(max-width: 1000px) 100vw, 1000px\" \/>Ouverture des commandes pour la toute nouvelle Nissan Leaf. La troisi\u00e8me g\u00e9n\u00e9ration d\u2019une voiture qui a fait entrer le grand public dans l\u2019\u00e8re de la mobilit\u00e9 \u00e9lectrique. Une pionni\u00e8re dont la seconde g\u00e9n\u00e9ration n\u2019a pas r\u00e9pondu aux attentes du constructeur japonais. Aujourd\u2019hui, Nissan tente de relancer la Leaf avec une [\u2026] <a href=https:\/\/www.avem.fr\/2025\/12\/04\/ouverture-des-commandes-pour-la-troisieme-generation-de-la-nissan-leaf\/ target=blank>Lire la suite&#8230;<\/a><\/p>\n","protected":false},"excerpt":{"rendered":"<p><img loading=\"lazy\" decoding=\"async\" width=\"1000\" height=\"563\" src=\"https:\/\/www.evearly.news\/fr\/wp-content\/uploads\/sites\/6\/2025\/12\/ouverture-des-commandes-pour-la-troisieme-generation-de-la-nissan-leaf.jpg\" class=\"attachment-post-thumbnail size-post-thumbnail wp-post-image\" alt=\"Nissan Leaf Ouverture commandes\" \/>Ouverture des commandes pour la toute nouvelle Nissan Leaf. La troisi\u00e8me g\u00e9n\u00e9ration d\u2019une voiture qui a fait entrer le grand public dans l\u2019\u00e8re de la mobilit\u00e9 \u00e9lectrique. Une pionni\u00e8re dont la seconde g\u00e9n\u00e9ration n\u2019a pas r\u00e9pondu aux attentes du constructeur japonais. Aujourd\u2019hui, Nissan tente de relancer la Leaf avec une [\u2026] <a class=\"continue-reading-link\" href=\"https:\/\/www.evearly.news\/fr\/ouverture-des-commandes-pour-la-troisieme-generation-de-la-nissan-leaf\/\"><\/a><\/p>\n","protected":false},"author":3,"featured_media":313247,"comment_status":"closed","ping_status":"open","sticky":false,"template":"Default","format":"standard","meta":{"footnotes":""},"categories":[3],"tags":[],"class_list":["post-313246","post","type-post","status-publish","format-standard","has-post-thumbnail","hentry","category-avem"],"_links":{"self":[{"href":"https:\/\/www.evearly.news\/fr\/wp-json\/wp\/v2\/posts\/313246","targetHints":{"allow":["GET"]}}],"collection":[{"href":"https:\/\/www.evearly.news\/fr\/wp-json\/wp\/v2\/posts"}],"about":[{"href":"https:\/\/www.evearly.news\/fr\/wp-json\/wp\/v2\/types\/post"}],"author":[{"embeddable":true,"href":"https:\/\/www.evearly.news\/fr\/wp-json\/wp\/v2\/users\/3"}],"replies":[{"embeddable":true,"href":"https:\/\/www.evearly.news\/fr\/wp-json\/wp\/v2\/comments?post=313246"}],"version-history":[{"count":0,"href":"https:\/\/www.evearly.news\/fr\/wp-json\/wp\/v2\/posts\/313246\/revisions"}],"wp:featuredmedia":[{"embeddable":true,"href":"https:\/\/www.evearly.news\/fr\/wp-json\/wp\/v2\/media\/313247"}],"wp:attachment":[{"href":"https:\/\/www.evearly.news\/fr\/wp-json\/wp\/v2\/media?parent=313246"}],"wp:term":[{"taxonomy":"category","embeddable":true,"href":"https:\/\/www.evearly.news\/fr\/wp-json\/wp\/v2\/categories?post=313246"},{"taxonomy":"post_tag","embeddable":true,"href":"https:\/\/www.evearly.news\/fr\/wp-json\/wp\/v2\/tags?post=313246"}],"curies":[{"name":"wp","href":"https:\/\/api.w.org\/{rel}","templated":true}]}}