{"id":313250,"date":"2025-12-04T12:15:16","date_gmt":"2025-12-04T11:15:16","guid":{"rendered":"https:\/\/www.evearly.news\/fr\/le-marche-de-lelectrique-doccasion-devisse-cest-le-moment-pour-acheter-une-voiture\/"},"modified":"2025-12-04T12:15:16","modified_gmt":"2025-12-04T11:15:16","slug":"le-marche-de-lelectrique-doccasion-devisse-cest-le-moment-pour-acheter-une-voiture","status":"publish","type":"post","link":"https:\/\/www.evearly.news\/fr\/le-marche-de-lelectrique-doccasion-devisse-cest-le-moment-pour-acheter-une-voiture\/","title":{"rendered":"Le march\u00e9 de l\u2019\u00e9lectrique d\u2019occasion d\u00e9visse : c\u2019est le moment pour acheter une voiture"},"content":{"rendered":"<p><img loading=\"lazy\" width=\"1200\" height=\"675\" src=\"https:\/\/www.evearly.news\/fr\/wp-content\/uploads\/sites\/6\/2025\/12\/le-marche-de-lelectrique-doccasion-devisse-cest-le-moment-pour-acheter-une-voiture.jpg\" class=\"attachment-full size-full wp-post-image\" alt=\"\" decoding=\"async\" \/<br \/>\nLa valeur des voitures \u00e9lectriques s&rsquo;effondre sur le march\u00e9 de l&rsquo;occasion. Tandis qu&rsquo;un mod\u00e8le \u00e9lectrique de moins de deux ans conserve \u00e0 peine la moiti\u00e9 de son prix neuf, les hybrides affichent pr\u00e8s de 70% de leur valeur initiale. Comment expliquer une telle d\u00e9b\u00e2cle pour une technologie cens\u00e9e se d\u00e9mocratiser et int\u00e9resser le plus grand nombre ?<br \/>\n <a href=https:\/\/www.frandroid.com\/survoltes\/voitures-electriques\/2897169_le-marche-de-lelectrique-doccasion-devisse-cest-le-moment-pour-acheter-une-voiture target='blank'>Lire la suite&#8230;<\/a><\/p>\n","protected":false},"excerpt":{"rendered":"<p>&lt;img width=&quot;1200&quot; height=&quot;675&quot; src=&quot;https:\/\/www.evearly.news\/fr\/wp-content\/uploads\/sites\/6\/2025\/12\/le-marche-de-lelectrique-doccasion-devisse-cest-le-moment-pour-acheter-une-voiture.jpg&quot; class=&quot;attachment-full size-full wp-post-image&quot; alt=&quot;&quot; decoding=&quot;async&quot; \/<br \/>\nLa valeur des voitures \u00e9lectriques s&rsquo;effondre sur le march\u00e9 de l&rsquo;occasion. Tandis qu&rsquo;un mod\u00e8le \u00e9lectrique de moins de deux ans conserve \u00e0 peine la moiti\u00e9 de son prix neuf, les hybrides affichent pr\u00e8s de 70% de leur valeur initiale. Comment expliquer une telle d\u00e9b\u00e2cle pour une technologie cens\u00e9e se d\u00e9mocratiser et int\u00e9resser le plus grand nombre ?\n<\/p>\n<p> <a class=\"continue-reading-link\" href=\"https:\/\/www.evearly.news\/fr\/le-marche-de-lelectrique-doccasion-devisse-cest-le-moment-pour-acheter-une-voiture\/\"><\/a><\/p>\n","protected":false},"author":6,"featured_media":313251,"comment_status":"closed","ping_status":"open","sticky":false,"template":"Default","format":"standard","meta":{"footnotes":""},"categories":[14],"tags":[],"class_list":["post-313250","post","type-post","status-publish","format-standard","has-post-thumbnail","hentry","category-frandroid"],"_links":{"self":[{"href":"https:\/\/www.evearly.news\/fr\/wp-json\/wp\/v2\/posts\/313250","targetHints":{"allow":["GET"]}}],"collection":[{"href":"https:\/\/www.evearly.news\/fr\/wp-json\/wp\/v2\/posts"}],"about":[{"href":"https:\/\/www.evearly.news\/fr\/wp-json\/wp\/v2\/types\/post"}],"author":[{"embeddable":true,"href":"https:\/\/www.evearly.news\/fr\/wp-json\/wp\/v2\/users\/6"}],"replies":[{"embeddable":true,"href":"https:\/\/www.evearly.news\/fr\/wp-json\/wp\/v2\/comments?post=313250"}],"version-history":[{"count":0,"href":"https:\/\/www.evearly.news\/fr\/wp-json\/wp\/v2\/posts\/313250\/revisions"}],"wp:featuredmedia":[{"embeddable":true,"href":"https:\/\/www.evearly.news\/fr\/wp-json\/wp\/v2\/media\/313251"}],"wp:attachment":[{"href":"https:\/\/www.evearly.news\/fr\/wp-json\/wp\/v2\/media?parent=313250"}],"wp:term":[{"taxonomy":"category","embeddable":true,"href":"https:\/\/www.evearly.news\/fr\/wp-json\/wp\/v2\/categories?post=313250"},{"taxonomy":"post_tag","embeddable":true,"href":"https:\/\/www.evearly.news\/fr\/wp-json\/wp\/v2\/tags?post=313250"}],"curies":[{"name":"wp","href":"https:\/\/api.w.org\/{rel}","templated":true}]}}