{"id":313256,"date":"2025-12-04T13:09:12","date_gmt":"2025-12-04T12:09:12","guid":{"rendered":"https:\/\/www.evearly.news\/fr\/premiere-mondiale-byd-inaugure-un-chassis-de-voiture-electrique-impossible-a-produire-jusquici\/"},"modified":"2025-12-04T13:09:12","modified_gmt":"2025-12-04T12:09:12","slug":"premiere-mondiale-byd-inaugure-un-chassis-de-voiture-electrique-impossible-a-produire-jusquici","status":"publish","type":"post","link":"https:\/\/www.evearly.news\/fr\/premiere-mondiale-byd-inaugure-un-chassis-de-voiture-electrique-impossible-a-produire-jusquici\/","title":{"rendered":"Premi\u00e8re mondiale : BYD inaugure un ch\u00e2ssis de voiture \u00e9lectrique impossible \u00e0 produire jusqu\u2019ici"},"content":{"rendered":"<p><img width=\"1200\" height=\"675\" src=\"https:\/\/www.evearly.news\/fr\/wp-content\/uploads\/sites\/6\/2025\/12\/premiere-mondiale-byd-inaugure-un-chassis-de-voiture-electrique-impossible-a-produire-jusquici.jpg\" class=\"attachment-full size-full wp-post-image\" alt=\"\" decoding=\"async\" loading=\"lazy\" \/<br \/>\nLa marque chinoise Yangwang, qui appartient au g\u00e9ant chinois de la voiture \u00e9lectrique BYD d\u00e9voile un ch\u00e2ssis in\u00e9dit. Il s\u2019agit du tout premier au monde \u00e0 \u00eatre moul\u00e9 en une pi\u00e8ce, ce qui pourrait r\u00e9volutionner les v\u00e9hicules de demain.<br \/>\n <a href=https:\/\/www.frandroid.com\/marques\/yangwang\/2898431_premiere-mondiale-byd-inaugure-un-chassis-de-voiture-electrique-impossible-a-produire-jusquici target='blank'>Lire la suite&#8230;<\/a><\/p>\n","protected":false},"excerpt":{"rendered":"<p>&lt;img width=&quot;1200&quot; height=&quot;675&quot; src=&quot;https:\/\/www.evearly.news\/fr\/wp-content\/uploads\/sites\/6\/2025\/12\/premiere-mondiale-byd-inaugure-un-chassis-de-voiture-electrique-impossible-a-produire-jusquici.jpg&quot; class=&quot;attachment-full size-full wp-post-image&quot; alt=&quot;&quot; decoding=&quot;async&quot; loading=&quot;lazy&quot; \/<br \/>\nLa marque chinoise Yangwang, qui appartient au g\u00e9ant chinois de la voiture \u00e9lectrique BYD d\u00e9voile un ch\u00e2ssis in\u00e9dit. Il s\u2019agit du tout premier au monde \u00e0 \u00eatre moul\u00e9 en une pi\u00e8ce, ce qui pourrait r\u00e9volutionner les v\u00e9hicules de demain.\n<\/p>\n<p> <a class=\"continue-reading-link\" href=\"https:\/\/www.evearly.news\/fr\/premiere-mondiale-byd-inaugure-un-chassis-de-voiture-electrique-impossible-a-produire-jusquici\/\"><\/a><\/p>\n","protected":false},"author":6,"featured_media":313257,"comment_status":"closed","ping_status":"open","sticky":false,"template":"Default","format":"standard","meta":{"footnotes":""},"categories":[14],"tags":[],"class_list":["post-313256","post","type-post","status-publish","format-standard","has-post-thumbnail","hentry","category-frandroid"],"_links":{"self":[{"href":"https:\/\/www.evearly.news\/fr\/wp-json\/wp\/v2\/posts\/313256","targetHints":{"allow":["GET"]}}],"collection":[{"href":"https:\/\/www.evearly.news\/fr\/wp-json\/wp\/v2\/posts"}],"about":[{"href":"https:\/\/www.evearly.news\/fr\/wp-json\/wp\/v2\/types\/post"}],"author":[{"embeddable":true,"href":"https:\/\/www.evearly.news\/fr\/wp-json\/wp\/v2\/users\/6"}],"replies":[{"embeddable":true,"href":"https:\/\/www.evearly.news\/fr\/wp-json\/wp\/v2\/comments?post=313256"}],"version-history":[{"count":0,"href":"https:\/\/www.evearly.news\/fr\/wp-json\/wp\/v2\/posts\/313256\/revisions"}],"wp:featuredmedia":[{"embeddable":true,"href":"https:\/\/www.evearly.news\/fr\/wp-json\/wp\/v2\/media\/313257"}],"wp:attachment":[{"href":"https:\/\/www.evearly.news\/fr\/wp-json\/wp\/v2\/media?parent=313256"}],"wp:term":[{"taxonomy":"category","embeddable":true,"href":"https:\/\/www.evearly.news\/fr\/wp-json\/wp\/v2\/categories?post=313256"},{"taxonomy":"post_tag","embeddable":true,"href":"https:\/\/www.evearly.news\/fr\/wp-json\/wp\/v2\/tags?post=313256"}],"curies":[{"name":"wp","href":"https:\/\/api.w.org\/{rel}","templated":true}]}}