{"id":313260,"date":"2025-12-04T14:14:03","date_gmt":"2025-12-04T13:14:03","guid":{"rendered":"https:\/\/www.evearly.news\/fr\/les-francais-veulent-des-voitures-moins-cheres-et-plus-simples\/"},"modified":"2025-12-04T14:14:03","modified_gmt":"2025-12-04T13:14:03","slug":"les-francais-veulent-des-voitures-moins-cheres-et-plus-simples","status":"publish","type":"post","link":"https:\/\/www.evearly.news\/fr\/les-francais-veulent-des-voitures-moins-cheres-et-plus-simples\/","title":{"rendered":"Les Fran\u00e7ais veulent des voitures moins ch\u00e8res et plus simples"},"content":{"rendered":"<p><img loading=\"lazy\" width=\"1500\" height=\"1000\" src=\"https:\/\/www.evearly.news\/fr\/wp-content\/uploads\/sites\/6\/2025\/12\/les-francais-veulent-des-voitures-moins-cheres-et-plus-simples.jpg\" class=\"attachment-full size-full wp-post-image\" alt=\"Peugeot E 2008 Voiture Electrique\" decoding=\"async\" srcset=\"https:\/\/www.evearly.news\/fr\/wp-content\/uploads\/sites\/6\/2025\/12\/les-francais-veulent-des-voitures-moins-cheres-et-plus-simples.jpg 1500w, https:\/\/www.evearly.news\/fr\/wp-content\/uploads\/sites\/6\/2025\/12\/les-francais-veulent-des-voitures-moins-cheres-et-plus-simples-1.jpg 384w, https:\/\/www.evearly.news\/fr\/wp-content\/uploads\/sites\/6\/2025\/12\/les-francais-veulent-des-voitures-moins-cheres-et-plus-simples-2.jpg 880w, https:\/\/www.evearly.news\/fr\/wp-content\/uploads\/sites\/6\/2025\/12\/les-francais-veulent-des-voitures-moins-cheres-et-plus-simples-3.jpg 50w, https:\/\/www.evearly.news\/fr\/wp-content\/uploads\/sites\/6\/2025\/12\/les-francais-veulent-des-voitures-moins-cheres-et-plus-simples-4.jpg 640w, https:\/\/www.presse-citron.net\/app\/uploads\/2024\/08\/peugeot-e-2008-voiture-electrique-1280x853.jpg 1280w\" sizes=\"auto, (max-width: 1500px) 100vw, 1500px\"><\/p>\n<p>Selon l\u2019\u00e9tude Cetelem 2026, les conducteurs fran\u00e7ais trouvent les prix des voitures neuves trop ch\u00e8res.<a href=\"https:\/\/www.presse-citron.net\/les-francais-veulent-des-voitures-moins-cheres-et-plus-simples\/\" target=blank> Lire la suite&#8230;<\/a><\/p>\n","protected":false},"excerpt":{"rendered":"<p>Selon l\u2019\u00e9tude Cetelem 2026, les conducteurs fran\u00e7ais trouvent les prix des voitures neuves trop ch\u00e8res&#8230;. <a class=\"continue-reading-link\" href=\"https:\/\/www.evearly.news\/fr\/les-francais-veulent-des-voitures-moins-cheres-et-plus-simples\/\"><\/a><\/p>\n","protected":false},"author":18,"featured_media":313261,"comment_status":"closed","ping_status":"open","sticky":false,"template":"Default","format":"standard","meta":{"footnotes":""},"categories":[19],"tags":[],"class_list":["post-313260","post","type-post","status-publish","format-standard","has-post-thumbnail","hentry","category-presse-citron"],"_links":{"self":[{"href":"https:\/\/www.evearly.news\/fr\/wp-json\/wp\/v2\/posts\/313260","targetHints":{"allow":["GET"]}}],"collection":[{"href":"https:\/\/www.evearly.news\/fr\/wp-json\/wp\/v2\/posts"}],"about":[{"href":"https:\/\/www.evearly.news\/fr\/wp-json\/wp\/v2\/types\/post"}],"author":[{"embeddable":true,"href":"https:\/\/www.evearly.news\/fr\/wp-json\/wp\/v2\/users\/18"}],"replies":[{"embeddable":true,"href":"https:\/\/www.evearly.news\/fr\/wp-json\/wp\/v2\/comments?post=313260"}],"version-history":[{"count":0,"href":"https:\/\/www.evearly.news\/fr\/wp-json\/wp\/v2\/posts\/313260\/revisions"}],"wp:featuredmedia":[{"embeddable":true,"href":"https:\/\/www.evearly.news\/fr\/wp-json\/wp\/v2\/media\/313261"}],"wp:attachment":[{"href":"https:\/\/www.evearly.news\/fr\/wp-json\/wp\/v2\/media?parent=313260"}],"wp:term":[{"taxonomy":"category","embeddable":true,"href":"https:\/\/www.evearly.news\/fr\/wp-json\/wp\/v2\/categories?post=313260"},{"taxonomy":"post_tag","embeddable":true,"href":"https:\/\/www.evearly.news\/fr\/wp-json\/wp\/v2\/tags?post=313260"}],"curies":[{"name":"wp","href":"https:\/\/api.w.org\/{rel}","templated":true}]}}