{"id":313262,"date":"2025-12-04T14:16:16","date_gmt":"2025-12-04T13:16:16","guid":{"rendered":"https:\/\/www.evearly.news\/fr\/pourquoi-vous-allez-bientot-croiser-des-voitures-dotees-de-plaques-rose-en-france\/"},"modified":"2025-12-04T14:16:16","modified_gmt":"2025-12-04T13:16:16","slug":"pourquoi-vous-allez-bientot-croiser-des-voitures-dotees-de-plaques-rose-en-france","status":"publish","type":"post","link":"https:\/\/www.evearly.news\/fr\/pourquoi-vous-allez-bientot-croiser-des-voitures-dotees-de-plaques-rose-en-france\/","title":{"rendered":"Pourquoi vous allez bient\u00f4t croiser des voitures dot\u00e9es de plaques rose en France"},"content":{"rendered":"<p><img loading=\"lazy\" width=\"1200\" height=\"675\" src=\"https:\/\/www.evearly.news\/fr\/wp-content\/uploads\/sites\/6\/2025\/12\/pourquoi-vous-allez-bientot-croiser-des-voitures-dotees-de-plaques-rose-en-france.jpg\" class=\"attachment-full size-full wp-post-image\" alt=\"\" decoding=\"async\" \/<br \/>\nPour \u00e9viter la fraude aux immatriculations temporaires ou de garage, l&rsquo;\u00c9tat a d\u00e9cid\u00e9 de durcir les r\u00e8gles. Il n&rsquo;y a pas de changement de r\u00e9glementation \u00e0 proprement parler, mais simplement une plaque plus reconnaissable pour faciliter les contr\u00f4les des forces de l&rsquo;ordre. Voici les plaques \u00e0 fond rose.<br \/>\n <a href=https:\/\/www.frandroid.com\/survoltes\/voitures-electriques\/2898513_pourquoi-vous-allez-bientot-croiser-des-voitures-dotees-de-plaques-rose-en-france target='blank'>Lire la suite&#8230;<\/a><\/p>\n","protected":false},"excerpt":{"rendered":"<p>&lt;img width=&quot;1200&quot; height=&quot;675&quot; src=&quot;https:\/\/www.evearly.news\/fr\/wp-content\/uploads\/sites\/6\/2025\/12\/pourquoi-vous-allez-bientot-croiser-des-voitures-dotees-de-plaques-rose-en-france.jpg&quot; class=&quot;attachment-full size-full wp-post-image&quot; alt=&quot;&quot; decoding=&quot;async&quot; \/<br \/>\nPour \u00e9viter la fraude aux immatriculations temporaires ou de garage, l&rsquo;\u00c9tat a d\u00e9cid\u00e9 de durcir les r\u00e8gles. Il n&rsquo;y a pas de changement de r\u00e9glementation \u00e0 proprement parler, mais simplement une plaque plus reconnaissable pour faciliter les contr\u00f4les des forces de l&rsquo;ordre. Voici les plaques \u00e0 fond rose.\n<\/p>\n<p> <a class=\"continue-reading-link\" href=\"https:\/\/www.evearly.news\/fr\/pourquoi-vous-allez-bientot-croiser-des-voitures-dotees-de-plaques-rose-en-france\/\"><\/a><\/p>\n","protected":false},"author":6,"featured_media":313263,"comment_status":"closed","ping_status":"open","sticky":false,"template":"Default","format":"standard","meta":{"footnotes":""},"categories":[14],"tags":[],"class_list":["post-313262","post","type-post","status-publish","format-standard","has-post-thumbnail","hentry","category-frandroid"],"_links":{"self":[{"href":"https:\/\/www.evearly.news\/fr\/wp-json\/wp\/v2\/posts\/313262","targetHints":{"allow":["GET"]}}],"collection":[{"href":"https:\/\/www.evearly.news\/fr\/wp-json\/wp\/v2\/posts"}],"about":[{"href":"https:\/\/www.evearly.news\/fr\/wp-json\/wp\/v2\/types\/post"}],"author":[{"embeddable":true,"href":"https:\/\/www.evearly.news\/fr\/wp-json\/wp\/v2\/users\/6"}],"replies":[{"embeddable":true,"href":"https:\/\/www.evearly.news\/fr\/wp-json\/wp\/v2\/comments?post=313262"}],"version-history":[{"count":0,"href":"https:\/\/www.evearly.news\/fr\/wp-json\/wp\/v2\/posts\/313262\/revisions"}],"wp:featuredmedia":[{"embeddable":true,"href":"https:\/\/www.evearly.news\/fr\/wp-json\/wp\/v2\/media\/313263"}],"wp:attachment":[{"href":"https:\/\/www.evearly.news\/fr\/wp-json\/wp\/v2\/media?parent=313262"}],"wp:term":[{"taxonomy":"category","embeddable":true,"href":"https:\/\/www.evearly.news\/fr\/wp-json\/wp\/v2\/categories?post=313262"},{"taxonomy":"post_tag","embeddable":true,"href":"https:\/\/www.evearly.news\/fr\/wp-json\/wp\/v2\/tags?post=313262"}],"curies":[{"name":"wp","href":"https:\/\/api.w.org\/{rel}","templated":true}]}}