{"id":313272,"date":"2025-12-04T17:24:07","date_gmt":"2025-12-04T16:24:07","guid":{"rendered":"https:\/\/www.evearly.news\/fr\/kia-annonce-une-berline-electrique-futuriste-concept-ou-realite\/"},"modified":"2025-12-04T17:24:07","modified_gmt":"2025-12-04T16:24:07","slug":"kia-annonce-une-berline-electrique-futuriste-concept-ou-realite","status":"publish","type":"post","link":"https:\/\/www.evearly.news\/fr\/kia-annonce-une-berline-electrique-futuriste-concept-ou-realite\/","title":{"rendered":"Kia annonce une berline \u00e9lectrique futuriste : concept ou r\u00e9alit\u00e9 ?"},"content":{"rendered":"<p><img loading=\"lazy\" decoding=\"async\" width=\"500\" height=\"333\" src=\"https:\/\/www.evearly.news\/fr\/wp-content\/uploads\/sites\/6\/2025\/12\/kia-annonce-une-berline-electrique-futuriste-concept-ou-realite.webp\" class=\"attachment-1200x800 size-1200x800 wp-post-image\" alt=\"\" srcset=\"https:\/\/www.evearly.news\/fr\/wp-content\/uploads\/sites\/6\/2025\/12\/kia-annonce-une-berline-electrique-futuriste-concept-ou-realite.webp 1536w, https:\/\/www.evearly.news\/fr\/wp-content\/uploads\/sites\/6\/2025\/12\/kia-annonce-une-berline-electrique-futuriste-concept-ou-realite-1.webp 1024w, https:\/\/www.evearly.news\/fr\/wp-content\/uploads\/sites\/6\/2025\/12\/kia-annonce-une-berline-electrique-futuriste-concept-ou-realite-2.webp 768w, https:\/\/www.evearly.news\/fr\/wp-content\/uploads\/sites\/6\/2025\/12\/kia-annonce-une-berline-electrique-futuriste-concept-ou-realite-3.webp 700w, https:\/\/cdn.automobile-propre.com\/uploads\/2025\/12\/Kia_EV8_Teaser_03-960x539.webp 960w\" sizes=\"auto, (max-width: 1200px) 100vw, 1200px\" \/><br \/>\nKia s&rsquo;appr\u00eate \u00e0 d\u00e9voiler une berline \u00e9lectrique. On devine sur les premi\u00e8res images un style qui n&rsquo;a rien de conventionnel. Le mod\u00e8le de s\u00e9rie sera-t-il aussi audacieux ?\u00a0<a href=https:\/\/www.automobile-propre.com\/breves\/kia-annonce-une-berline-electrique-futuriste-concept-ou-realite\/ target='bwindow'>Lire la suite&#8230;<\/a><\/p>\n","protected":false},"excerpt":{"rendered":"<p>&#8230; <a class=\"continue-reading-link\" href=\"https:\/\/www.evearly.news\/fr\/kia-annonce-une-berline-electrique-futuriste-concept-ou-realite\/\"><\/a><\/p>\n","protected":false},"author":8,"featured_media":313273,"comment_status":"closed","ping_status":"open","sticky":false,"template":"Default","format":"standard","meta":{"footnotes":""},"categories":[8],"tags":[],"class_list":["post-313272","post","type-post","status-publish","format-standard","has-post-thumbnail","hentry","category-automobile-propre"],"_links":{"self":[{"href":"https:\/\/www.evearly.news\/fr\/wp-json\/wp\/v2\/posts\/313272","targetHints":{"allow":["GET"]}}],"collection":[{"href":"https:\/\/www.evearly.news\/fr\/wp-json\/wp\/v2\/posts"}],"about":[{"href":"https:\/\/www.evearly.news\/fr\/wp-json\/wp\/v2\/types\/post"}],"author":[{"embeddable":true,"href":"https:\/\/www.evearly.news\/fr\/wp-json\/wp\/v2\/users\/8"}],"replies":[{"embeddable":true,"href":"https:\/\/www.evearly.news\/fr\/wp-json\/wp\/v2\/comments?post=313272"}],"version-history":[{"count":0,"href":"https:\/\/www.evearly.news\/fr\/wp-json\/wp\/v2\/posts\/313272\/revisions"}],"wp:featuredmedia":[{"embeddable":true,"href":"https:\/\/www.evearly.news\/fr\/wp-json\/wp\/v2\/media\/313273"}],"wp:attachment":[{"href":"https:\/\/www.evearly.news\/fr\/wp-json\/wp\/v2\/media?parent=313272"}],"wp:term":[{"taxonomy":"category","embeddable":true,"href":"https:\/\/www.evearly.news\/fr\/wp-json\/wp\/v2\/categories?post=313272"},{"taxonomy":"post_tag","embeddable":true,"href":"https:\/\/www.evearly.news\/fr\/wp-json\/wp\/v2\/tags?post=313272"}],"curies":[{"name":"wp","href":"https:\/\/api.w.org\/{rel}","templated":true}]}}