{"id":313282,"date":"2025-12-04T21:03:06","date_gmt":"2025-12-04T20:03:06","guid":{"rendered":"https:\/\/www.evearly.news\/fr\/alors-quelle-na-pas-vendu-une-seule-voiture-neuve-en-2025-cette-marque-prestigieuse-celebre-ses-90-ans\/"},"modified":"2025-12-04T21:03:06","modified_gmt":"2025-12-04T20:03:06","slug":"alors-quelle-na-pas-vendu-une-seule-voiture-neuve-en-2025-cette-marque-prestigieuse-celebre-ses-90-ans","status":"publish","type":"post","link":"https:\/\/www.evearly.news\/fr\/alors-quelle-na-pas-vendu-une-seule-voiture-neuve-en-2025-cette-marque-prestigieuse-celebre-ses-90-ans\/","title":{"rendered":"Alors qu\u2019elle n\u2019a pas vendu une seule voiture neuve en 2025, cette marque prestigieuse c\u00e9l\u00e8bre ses 90 ans"},"content":{"rendered":"<div class=\"media_block\"><img decoding=\"async\" src=\"https:\/\/www.evearly.news\/fr\/wp-content\/uploads\/sites\/6\/2025\/12\/alors-quelle-na-pas-vendu-une-seule-voiture-neuve-en-2025-cette-marque-prestigieuse-celebre-ses-90-ans.jpg\"><\/div>\n<p>Jaguar a fait une pause en 2025, en cessant de produire ses v\u00e9hicules pour mieux pr\u00e9parer son avenir \u00e9lectrique. La premi\u00e8re r\u00e9alisation sur prise d\u00e9rivant \u00e9troitement du concept car Type 00 sera d\u00e9voil\u00e9e \u00e0 l\u2019automne 2026. Mais dans l\u2019intervalle, la marque au f\u00e9lin c\u00e9l\u00e8bre ses 90 ans en convoquant la toute premi\u00e8re Jaguar et le concept. <a href=https:\/\/www.automobile-magazine.fr\/retro\/article\/50339-alors-quelle-na-pas-vendu-une-seule-voiture-neuve-en-2025-cette-marque-prestigieuse-celebre-ses-90-ans target='bwindow'>Lire la suite&#8230;<\/a><\/p>\n","protected":false},"excerpt":{"rendered":"<div class=\"media_block\"><img decoding=\"async\" src=\"https:\/\/www.evearly.news\/fr\/wp-content\/uploads\/sites\/6\/2025\/12\/alors-quelle-na-pas-vendu-une-seule-voiture-neuve-en-2025-cette-marque-prestigieuse-celebre-ses-90-ans.jpg\"><\/div>\n<p> <a class=\"continue-reading-link\" href=\"https:\/\/www.evearly.news\/fr\/alors-quelle-na-pas-vendu-une-seule-voiture-neuve-en-2025-cette-marque-prestigieuse-celebre-ses-90-ans\/\"><\/a><\/p>\n","protected":false},"author":7,"featured_media":313283,"comment_status":"closed","ping_status":"open","sticky":false,"template":"Default","format":"standard","meta":{"footnotes":""},"categories":[7],"tags":[],"class_list":["post-313282","post","type-post","status-publish","format-standard","has-post-thumbnail","hentry","category-automobile-magazine"],"_links":{"self":[{"href":"https:\/\/www.evearly.news\/fr\/wp-json\/wp\/v2\/posts\/313282","targetHints":{"allow":["GET"]}}],"collection":[{"href":"https:\/\/www.evearly.news\/fr\/wp-json\/wp\/v2\/posts"}],"about":[{"href":"https:\/\/www.evearly.news\/fr\/wp-json\/wp\/v2\/types\/post"}],"author":[{"embeddable":true,"href":"https:\/\/www.evearly.news\/fr\/wp-json\/wp\/v2\/users\/7"}],"replies":[{"embeddable":true,"href":"https:\/\/www.evearly.news\/fr\/wp-json\/wp\/v2\/comments?post=313282"}],"version-history":[{"count":0,"href":"https:\/\/www.evearly.news\/fr\/wp-json\/wp\/v2\/posts\/313282\/revisions"}],"wp:featuredmedia":[{"embeddable":true,"href":"https:\/\/www.evearly.news\/fr\/wp-json\/wp\/v2\/media\/313283"}],"wp:attachment":[{"href":"https:\/\/www.evearly.news\/fr\/wp-json\/wp\/v2\/media?parent=313282"}],"wp:term":[{"taxonomy":"category","embeddable":true,"href":"https:\/\/www.evearly.news\/fr\/wp-json\/wp\/v2\/categories?post=313282"},{"taxonomy":"post_tag","embeddable":true,"href":"https:\/\/www.evearly.news\/fr\/wp-json\/wp\/v2\/tags?post=313282"}],"curies":[{"name":"wp","href":"https:\/\/api.w.org\/{rel}","templated":true}]}}