{"id":313284,"date":"2025-12-05T07:22:10","date_gmt":"2025-12-05T06:22:10","guid":{"rendered":"https:\/\/www.evearly.news\/fr\/top-10-des-voitures-electriques-en-europe-deux-modeles-creent-la-surprise\/"},"modified":"2025-12-05T07:22:10","modified_gmt":"2025-12-05T06:22:10","slug":"top-10-des-voitures-electriques-en-europe-deux-modeles-creent-la-surprise","status":"publish","type":"post","link":"https:\/\/www.evearly.news\/fr\/top-10-des-voitures-electriques-en-europe-deux-modeles-creent-la-surprise\/","title":{"rendered":"Top 10 des voitures \u00e9lectriques en Europe, deux mod\u00e8les cr\u00e9ent la surprise"},"content":{"rendered":"<div class=\"media_block\"><img decoding=\"async\" src=\"https:\/\/www.evearly.news\/fr\/wp-content\/uploads\/sites\/6\/2025\/12\/top-10-des-voitures-electriques-en-europe-deux-modeles-creent-la-surprise.jpg\"><\/div>\n<p>Le march\u00e9 automobile europ\u00e9en signe une progression notable en octobre, port\u00e9e par une dynamique retrouv\u00e9e des motorisations \u00e9lectrifi\u00e9es. Mais derri\u00e8re cette embellie, les chiffres r\u00e9v\u00e8lent un classement inattendu, marqu\u00e9 par l\u2019ascension de nouveaux mod\u00e8les et le recul de certaines r\u00e9f\u00e9rences pourtant bien install\u00e9es. Une photographie du march\u00e9 qui annonce des \u00e9volutions profondes pour la fin d\u2019ann\u00e9e et rebat s\u00e9rieusement les cartes du paysage \u00e9lectrique europ\u00e9en. <a href=https:\/\/www.automobile-magazine.fr\/voitures-electriques\/article\/50345-top-10-des-voitures-electriques-en-europe-deux-modeles-creent-la-surprise target='bwindow'>Lire la suite&#8230;<\/a><\/p>\n","protected":false},"excerpt":{"rendered":"<div class=\"media_block\"><img decoding=\"async\" src=\"https:\/\/www.evearly.news\/fr\/wp-content\/uploads\/sites\/6\/2025\/12\/top-10-des-voitures-electriques-en-europe-deux-modeles-creent-la-surprise.jpg\"><\/div>\n<p> <a class=\"continue-reading-link\" href=\"https:\/\/www.evearly.news\/fr\/top-10-des-voitures-electriques-en-europe-deux-modeles-creent-la-surprise\/\"><\/a><\/p>\n","protected":false},"author":7,"featured_media":313285,"comment_status":"closed","ping_status":"open","sticky":false,"template":"Default","format":"standard","meta":{"footnotes":""},"categories":[7],"tags":[],"class_list":["post-313284","post","type-post","status-publish","format-standard","has-post-thumbnail","hentry","category-automobile-magazine"],"_links":{"self":[{"href":"https:\/\/www.evearly.news\/fr\/wp-json\/wp\/v2\/posts\/313284","targetHints":{"allow":["GET"]}}],"collection":[{"href":"https:\/\/www.evearly.news\/fr\/wp-json\/wp\/v2\/posts"}],"about":[{"href":"https:\/\/www.evearly.news\/fr\/wp-json\/wp\/v2\/types\/post"}],"author":[{"embeddable":true,"href":"https:\/\/www.evearly.news\/fr\/wp-json\/wp\/v2\/users\/7"}],"replies":[{"embeddable":true,"href":"https:\/\/www.evearly.news\/fr\/wp-json\/wp\/v2\/comments?post=313284"}],"version-history":[{"count":0,"href":"https:\/\/www.evearly.news\/fr\/wp-json\/wp\/v2\/posts\/313284\/revisions"}],"wp:featuredmedia":[{"embeddable":true,"href":"https:\/\/www.evearly.news\/fr\/wp-json\/wp\/v2\/media\/313285"}],"wp:attachment":[{"href":"https:\/\/www.evearly.news\/fr\/wp-json\/wp\/v2\/media?parent=313284"}],"wp:term":[{"taxonomy":"category","embeddable":true,"href":"https:\/\/www.evearly.news\/fr\/wp-json\/wp\/v2\/categories?post=313284"},{"taxonomy":"post_tag","embeddable":true,"href":"https:\/\/www.evearly.news\/fr\/wp-json\/wp\/v2\/tags?post=313284"}],"curies":[{"name":"wp","href":"https:\/\/api.w.org\/{rel}","templated":true}]}}