{"id":313292,"date":"2025-12-05T10:07:13","date_gmt":"2025-12-05T09:07:13","guid":{"rendered":"https:\/\/www.evearly.news\/fr\/cest-un-moment-historique-la-voiture-electrique-depasse-le-diesel-en-norvege\/"},"modified":"2025-12-05T10:07:13","modified_gmt":"2025-12-05T09:07:13","slug":"cest-un-moment-historique-la-voiture-electrique-depasse-le-diesel-en-norvege","status":"publish","type":"post","link":"https:\/\/www.evearly.news\/fr\/cest-un-moment-historique-la-voiture-electrique-depasse-le-diesel-en-norvege\/","title":{"rendered":"C\u2019est un moment historique : la voiture \u00e9lectrique d\u00e9passe le diesel en Norv\u00e8ge"},"content":{"rendered":"<p><img loading=\"lazy\" width=\"1200\" height=\"675\" src=\"https:\/\/www.evearly.news\/fr\/wp-content\/uploads\/sites\/6\/2025\/12\/cest-un-moment-historique-la-voiture-electrique-depasse-le-diesel-en-norvege.jpg\" class=\"attachment-full size-full wp-post-image\" alt=\"\" decoding=\"async\" \/<br \/>\nLa Norv\u00e8ge vient de vivre un moment historique : il y a d\u00e9sormais plus de voitures \u00e9lectriques en circulation que de voitures diesel dans le pays. C&rsquo;\u00e9tait d\u00e9j\u00e0 le cas face aux voitures essence.<br \/>\n <a href=https:\/\/www.frandroid.com\/survoltes\/voitures-electriques\/2899603_cest-un-moment-historique-la-voiture-electrique-depasse-le-diesel-en-norvege target='blank'>Lire la suite&#8230;<\/a><\/p>\n","protected":false},"excerpt":{"rendered":"<p>&lt;img width=&quot;1200&quot; height=&quot;675&quot; src=&quot;https:\/\/www.evearly.news\/fr\/wp-content\/uploads\/sites\/6\/2025\/12\/cest-un-moment-historique-la-voiture-electrique-depasse-le-diesel-en-norvege.jpg&quot; class=&quot;attachment-full size-full wp-post-image&quot; alt=&quot;&quot; decoding=&quot;async&quot; \/<br \/>\nLa Norv\u00e8ge vient de vivre un moment historique : il y a d\u00e9sormais plus de voitures \u00e9lectriques en circulation que de voitures diesel dans le pays. C&rsquo;\u00e9tait d\u00e9j\u00e0 le cas face aux voitures essence.\n<\/p>\n<p> <a class=\"continue-reading-link\" href=\"https:\/\/www.evearly.news\/fr\/cest-un-moment-historique-la-voiture-electrique-depasse-le-diesel-en-norvege\/\"><\/a><\/p>\n","protected":false},"author":6,"featured_media":313293,"comment_status":"closed","ping_status":"open","sticky":false,"template":"Default","format":"standard","meta":{"footnotes":""},"categories":[14],"tags":[],"class_list":["post-313292","post","type-post","status-publish","format-standard","has-post-thumbnail","hentry","category-frandroid"],"_links":{"self":[{"href":"https:\/\/www.evearly.news\/fr\/wp-json\/wp\/v2\/posts\/313292","targetHints":{"allow":["GET"]}}],"collection":[{"href":"https:\/\/www.evearly.news\/fr\/wp-json\/wp\/v2\/posts"}],"about":[{"href":"https:\/\/www.evearly.news\/fr\/wp-json\/wp\/v2\/types\/post"}],"author":[{"embeddable":true,"href":"https:\/\/www.evearly.news\/fr\/wp-json\/wp\/v2\/users\/6"}],"replies":[{"embeddable":true,"href":"https:\/\/www.evearly.news\/fr\/wp-json\/wp\/v2\/comments?post=313292"}],"version-history":[{"count":0,"href":"https:\/\/www.evearly.news\/fr\/wp-json\/wp\/v2\/posts\/313292\/revisions"}],"wp:featuredmedia":[{"embeddable":true,"href":"https:\/\/www.evearly.news\/fr\/wp-json\/wp\/v2\/media\/313293"}],"wp:attachment":[{"href":"https:\/\/www.evearly.news\/fr\/wp-json\/wp\/v2\/media?parent=313292"}],"wp:term":[{"taxonomy":"category","embeddable":true,"href":"https:\/\/www.evearly.news\/fr\/wp-json\/wp\/v2\/categories?post=313292"},{"taxonomy":"post_tag","embeddable":true,"href":"https:\/\/www.evearly.news\/fr\/wp-json\/wp\/v2\/tags?post=313292"}],"curies":[{"name":"wp","href":"https:\/\/api.w.org\/{rel}","templated":true}]}}