{"id":313294,"date":"2025-12-05T10:07:56","date_gmt":"2025-12-05T09:07:56","guid":{"rendered":"https:\/\/www.evearly.news\/fr\/tesla-lance-la-voiture-la-moins-chere-de-son-histoire-en-france-voici-la-model-3-standard\/"},"modified":"2025-12-05T10:07:56","modified_gmt":"2025-12-05T09:07:56","slug":"tesla-lance-la-voiture-la-moins-chere-de-son-histoire-en-france-voici-la-model-3-standard","status":"publish","type":"post","link":"https:\/\/www.evearly.news\/fr\/tesla-lance-la-voiture-la-moins-chere-de-son-histoire-en-france-voici-la-model-3-standard\/","title":{"rendered":"Tesla lance la voiture la moins ch\u00e8re de son histoire en France : voici la Model 3 Standard"},"content":{"rendered":"<p><img width=\"1200\" height=\"675\" src=\"https:\/\/www.evearly.news\/fr\/wp-content\/uploads\/sites\/6\/2025\/12\/tesla-lance-la-voiture-la-moins-chere-de-son-histoire-en-france-voici-la-model-3-standard.jpg\" class=\"attachment-full size-full wp-post-image\" alt=\"\" decoding=\"async\" loading=\"lazy\" \/<br \/>\nQuelques semaines apr\u00e8s sa pr\u00e9sentation, la nouvelle Tesla Model 3 standard est disponible \u00e0 la commande en France. La voiture \u00e9lectrique abordable d\u00e9marre \u00e0 seulement 36 990 euros dans cette version. C&rsquo;est la moins ch\u00e8re des Tesla de l&rsquo;histoire.<br \/>\n <a href=https:\/\/www.frandroid.com\/marques\/tesla\/2899617_tesla-lance-la-voiture-la-moins-chere-de-son-histoire-en-france-voici-la-model-3-standard target='blank'>Lire la suite&#8230;<\/a><\/p>\n","protected":false},"excerpt":{"rendered":"<p>&lt;img width=&quot;1200&quot; height=&quot;675&quot; src=&quot;https:\/\/www.evearly.news\/fr\/wp-content\/uploads\/sites\/6\/2025\/12\/tesla-lance-la-voiture-la-moins-chere-de-son-histoire-en-france-voici-la-model-3-standard.jpg&quot; class=&quot;attachment-full size-full wp-post-image&quot; alt=&quot;&quot; decoding=&quot;async&quot; loading=&quot;lazy&quot; \/<br \/>\nQuelques semaines apr\u00e8s sa pr\u00e9sentation, la nouvelle Tesla Model 3 standard est disponible \u00e0 la commande en France. La voiture \u00e9lectrique abordable d\u00e9marre \u00e0 seulement 36 990 euros dans cette version. C&rsquo;est la moins ch\u00e8re des Tesla de l&rsquo;histoire.\n<\/p>\n<p> <a class=\"continue-reading-link\" href=\"https:\/\/www.evearly.news\/fr\/tesla-lance-la-voiture-la-moins-chere-de-son-histoire-en-france-voici-la-model-3-standard\/\"><\/a><\/p>\n","protected":false},"author":6,"featured_media":313295,"comment_status":"closed","ping_status":"open","sticky":false,"template":"Default","format":"standard","meta":{"footnotes":""},"categories":[14],"tags":[],"class_list":["post-313294","post","type-post","status-publish","format-standard","has-post-thumbnail","hentry","category-frandroid"],"_links":{"self":[{"href":"https:\/\/www.evearly.news\/fr\/wp-json\/wp\/v2\/posts\/313294","targetHints":{"allow":["GET"]}}],"collection":[{"href":"https:\/\/www.evearly.news\/fr\/wp-json\/wp\/v2\/posts"}],"about":[{"href":"https:\/\/www.evearly.news\/fr\/wp-json\/wp\/v2\/types\/post"}],"author":[{"embeddable":true,"href":"https:\/\/www.evearly.news\/fr\/wp-json\/wp\/v2\/users\/6"}],"replies":[{"embeddable":true,"href":"https:\/\/www.evearly.news\/fr\/wp-json\/wp\/v2\/comments?post=313294"}],"version-history":[{"count":0,"href":"https:\/\/www.evearly.news\/fr\/wp-json\/wp\/v2\/posts\/313294\/revisions"}],"wp:featuredmedia":[{"embeddable":true,"href":"https:\/\/www.evearly.news\/fr\/wp-json\/wp\/v2\/media\/313295"}],"wp:attachment":[{"href":"https:\/\/www.evearly.news\/fr\/wp-json\/wp\/v2\/media?parent=313294"}],"wp:term":[{"taxonomy":"category","embeddable":true,"href":"https:\/\/www.evearly.news\/fr\/wp-json\/wp\/v2\/categories?post=313294"},{"taxonomy":"post_tag","embeddable":true,"href":"https:\/\/www.evearly.news\/fr\/wp-json\/wp\/v2\/tags?post=313294"}],"curies":[{"name":"wp","href":"https:\/\/api.w.org\/{rel}","templated":true}]}}