{"id":313296,"date":"2025-12-05T11:09:44","date_gmt":"2025-12-05T10:09:44","guid":{"rendered":"https:\/\/www.evearly.news\/fr\/model-3-standard-la-voiture-electrique-la-plus-abordable-jamais-concue-par-tesla-debarque-officiellement-en-europe-quelles-concessions-pour-un-prix-aussi-competitif\/"},"modified":"2025-12-05T11:09:44","modified_gmt":"2025-12-05T10:09:44","slug":"model-3-standard-la-voiture-electrique-la-plus-abordable-jamais-concue-par-tesla-debarque-officiellement-en-europe-quelles-concessions-pour-un-prix-aussi-competitif","status":"publish","type":"post","link":"https:\/\/www.evearly.news\/fr\/model-3-standard-la-voiture-electrique-la-plus-abordable-jamais-concue-par-tesla-debarque-officiellement-en-europe-quelles-concessions-pour-un-prix-aussi-competitif\/","title":{"rendered":"Model 3 Standard : la voiture \u00e9lectrique la plus abordable jamais con\u00e7ue par Tesla d\u00e9barque officiellement en Europe. Quelles concessions pour un prix aussi comp\u00e9titif ?"},"content":{"rendered":"<p><img decoding=\"async\" src=\"https:\/\/www.evearly.news\/fr\/wp-content\/uploads\/sites\/6\/2025\/12\/model-3-standard-la-voiture-electrique-la-plus-abordable-jamais-concue-par-tesla-debarque-officiellement-en-europe-quelles-concessions-pour-un-prix-aussi-competitif.jpg\"><br \/>Lanc\u00e9e il y a quelques mois aux \u00c9tats-Unis, la Tesla Model 3 Standard est le v\u00e9hicule le plus abordable jamais con\u00e7u par le constructeur. Mais pour proposer un mod\u00e8le toujours plus accessible, Tesla a d\u00fb faire des concessions\u00a0: lesquelles\u00a0? Quel&#8230; <a href=https:\/\/www.phonandroid.com\/model-3-standard-le-vehicule-le-plus-abordable-jamais-concu-par-tesla-debarque-officiellement-en-europe-quelles-concessions-pour-un-prix-aussi-competitif.html target=blank>Lire la suite&#8230;<\/a><\/p>\n","protected":false},"excerpt":{"rendered":"<p>Lanc\u00e9e il y a quelques mois aux \u00c9tats-Unis, la Tesla Model 3 Standard est le v\u00e9hicule le plus abordable jamais con\u00e7u par le constructeur. Mais pour proposer un mod\u00e8le toujours plus accessible, Tesla a d\u00fb faire des concessions\u00a0: lesquelles\u00a0? Quel&#8230;&#8230; <a class=\"continue-reading-link\" href=\"https:\/\/www.evearly.news\/fr\/model-3-standard-la-voiture-electrique-la-plus-abordable-jamais-concue-par-tesla-debarque-officiellement-en-europe-quelles-concessions-pour-un-prix-aussi-competitif\/\"><\/a><\/p>\n","protected":false},"author":17,"featured_media":313297,"comment_status":"closed","ping_status":"open","sticky":false,"template":"Default","format":"standard","meta":{"footnotes":""},"categories":[18],"tags":[],"class_list":["post-313296","post","type-post","status-publish","format-standard","has-post-thumbnail","hentry","category-phonandroid"],"_links":{"self":[{"href":"https:\/\/www.evearly.news\/fr\/wp-json\/wp\/v2\/posts\/313296","targetHints":{"allow":["GET"]}}],"collection":[{"href":"https:\/\/www.evearly.news\/fr\/wp-json\/wp\/v2\/posts"}],"about":[{"href":"https:\/\/www.evearly.news\/fr\/wp-json\/wp\/v2\/types\/post"}],"author":[{"embeddable":true,"href":"https:\/\/www.evearly.news\/fr\/wp-json\/wp\/v2\/users\/17"}],"replies":[{"embeddable":true,"href":"https:\/\/www.evearly.news\/fr\/wp-json\/wp\/v2\/comments?post=313296"}],"version-history":[{"count":0,"href":"https:\/\/www.evearly.news\/fr\/wp-json\/wp\/v2\/posts\/313296\/revisions"}],"wp:featuredmedia":[{"embeddable":true,"href":"https:\/\/www.evearly.news\/fr\/wp-json\/wp\/v2\/media\/313297"}],"wp:attachment":[{"href":"https:\/\/www.evearly.news\/fr\/wp-json\/wp\/v2\/media?parent=313296"}],"wp:term":[{"taxonomy":"category","embeddable":true,"href":"https:\/\/www.evearly.news\/fr\/wp-json\/wp\/v2\/categories?post=313296"},{"taxonomy":"post_tag","embeddable":true,"href":"https:\/\/www.evearly.news\/fr\/wp-json\/wp\/v2\/tags?post=313296"}],"curies":[{"name":"wp","href":"https:\/\/api.w.org\/{rel}","templated":true}]}}