{"id":313298,"date":"2025-12-05T11:11:36","date_gmt":"2025-12-05T10:11:36","guid":{"rendered":"https:\/\/www.evearly.news\/fr\/concept-vision-meta-turismo-kia-prepare-lavenir-de-la-mobilite-electrique-et-ca-envoie-du-lourd\/"},"modified":"2025-12-05T11:11:36","modified_gmt":"2025-12-05T10:11:36","slug":"concept-vision-meta-turismo-kia-prepare-lavenir-de-la-mobilite-electrique-et-ca-envoie-du-lourd","status":"publish","type":"post","link":"https:\/\/www.evearly.news\/fr\/concept-vision-meta-turismo-kia-prepare-lavenir-de-la-mobilite-electrique-et-ca-envoie-du-lourd\/","title":{"rendered":"Concept Vision Meta Turismo, Kia pr\u00e9pare l\u2019avenir de la mobilit\u00e9 \u00e9lectrique\u2026 et \u00e7a envoie du lourd"},"content":{"rendered":"<p><img width=\"1920\" height=\"1280\" src=\"https:\/\/www.evearly.news\/fr\/wp-content\/uploads\/sites\/6\/2025\/12\/concept-vision-meta-turismo-kia-prepare-lavenir-de-la-mobilite-electrique-et-ca-envoie-du-lourd.jpg\" class=\"attachment-full size-full wp-post-image\" alt=\"Kia Metaturismo (1)\" decoding=\"async\" loading=\"lazy\" srcset=\"https:\/\/www.evearly.news\/fr\/wp-content\/uploads\/sites\/6\/2025\/12\/concept-vision-meta-turismo-kia-prepare-lavenir-de-la-mobilite-electrique-et-ca-envoie-du-lourd.jpg 1920w, https:\/\/www.evearly.news\/fr\/wp-content\/uploads\/sites\/6\/2025\/12\/concept-vision-meta-turismo-kia-prepare-lavenir-de-la-mobilite-electrique-et-ca-envoie-du-lourd-1.jpg 384w, https:\/\/www.evearly.news\/fr\/wp-content\/uploads\/sites\/6\/2025\/12\/concept-vision-meta-turismo-kia-prepare-lavenir-de-la-mobilite-electrique-et-ca-envoie-du-lourd-2.jpg 880w, https:\/\/www.evearly.news\/fr\/wp-content\/uploads\/sites\/6\/2025\/12\/concept-vision-meta-turismo-kia-prepare-lavenir-de-la-mobilite-electrique-et-ca-envoie-du-lourd-3.jpg 50w, https:\/\/www.evearly.news\/fr\/wp-content\/uploads\/sites\/6\/2025\/12\/concept-vision-meta-turismo-kia-prepare-lavenir-de-la-mobilite-electrique-et-ca-envoie-du-lourd-4.jpg 640w, https:\/\/www.evearly.news\/fr\/wp-content\/uploads\/sites\/6\/2025\/12\/concept-vision-meta-turismo-kia-prepare-lavenir-de-la-mobilite-electrique-et-ca-envoie-du-lourd-5.jpg 1280w, https:\/\/www.presse-citron.net\/app\/uploads\/2025\/12\/kia-metaturismo-1-1632x1088.jpg 1632w\" sizes=\"auto, (max-width: 1920px) 100vw, 1920px\"><\/p>\n<p>Pour ses 80 ans, Kia a pr\u00e9sent\u00e9 une nouvelle berline \u00e9lectrique aux lignes pour le moins radicales : la Vision Meta Turismo.<a href=\"https:\/\/www.presse-citron.net\/concept-vision-meta-turismo-kia-prepare-avenir-mobilite-electrique\/\" target=blank> Lire la suite&#8230;<\/a><\/p>\n","protected":false},"excerpt":{"rendered":"<p>Pour ses 80 ans, Kia a pr\u00e9sent\u00e9 une nouvelle berline \u00e9lectrique aux lignes pour le moins radicales : la Vision Meta Turismo&#8230;. <a class=\"continue-reading-link\" href=\"https:\/\/www.evearly.news\/fr\/concept-vision-meta-turismo-kia-prepare-lavenir-de-la-mobilite-electrique-et-ca-envoie-du-lourd\/\"><\/a><\/p>\n","protected":false},"author":18,"featured_media":313299,"comment_status":"closed","ping_status":"open","sticky":false,"template":"Default","format":"standard","meta":{"footnotes":""},"categories":[19],"tags":[],"class_list":["post-313298","post","type-post","status-publish","format-standard","has-post-thumbnail","hentry","category-presse-citron"],"_links":{"self":[{"href":"https:\/\/www.evearly.news\/fr\/wp-json\/wp\/v2\/posts\/313298","targetHints":{"allow":["GET"]}}],"collection":[{"href":"https:\/\/www.evearly.news\/fr\/wp-json\/wp\/v2\/posts"}],"about":[{"href":"https:\/\/www.evearly.news\/fr\/wp-json\/wp\/v2\/types\/post"}],"author":[{"embeddable":true,"href":"https:\/\/www.evearly.news\/fr\/wp-json\/wp\/v2\/users\/18"}],"replies":[{"embeddable":true,"href":"https:\/\/www.evearly.news\/fr\/wp-json\/wp\/v2\/comments?post=313298"}],"version-history":[{"count":0,"href":"https:\/\/www.evearly.news\/fr\/wp-json\/wp\/v2\/posts\/313298\/revisions"}],"wp:featuredmedia":[{"embeddable":true,"href":"https:\/\/www.evearly.news\/fr\/wp-json\/wp\/v2\/media\/313299"}],"wp:attachment":[{"href":"https:\/\/www.evearly.news\/fr\/wp-json\/wp\/v2\/media?parent=313298"}],"wp:term":[{"taxonomy":"category","embeddable":true,"href":"https:\/\/www.evearly.news\/fr\/wp-json\/wp\/v2\/categories?post=313298"},{"taxonomy":"post_tag","embeddable":true,"href":"https:\/\/www.evearly.news\/fr\/wp-json\/wp\/v2\/tags?post=313298"}],"curies":[{"name":"wp","href":"https:\/\/api.w.org\/{rel}","templated":true}]}}