{"id":313302,"date":"2025-12-05T11:13:24","date_gmt":"2025-12-05T10:13:24","guid":{"rendered":"https:\/\/www.evearly.news\/fr\/cela-navait-aucun-sens-pour-nous-pourquoi-la-nouvelle-voiture-electrique-de-bmw-na-pas-la-fonction-la-plus-controversee-de-mercedes-volkswagen-et-tesla\/"},"modified":"2025-12-05T11:13:24","modified_gmt":"2025-12-05T10:13:24","slug":"cela-navait-aucun-sens-pour-nous-pourquoi-la-nouvelle-voiture-electrique-de-bmw-na-pas-la-fonction-la-plus-controversee-de-mercedes-volkswagen-et-tesla","status":"publish","type":"post","link":"https:\/\/www.evearly.news\/fr\/cela-navait-aucun-sens-pour-nous-pourquoi-la-nouvelle-voiture-electrique-de-bmw-na-pas-la-fonction-la-plus-controversee-de-mercedes-volkswagen-et-tesla\/","title":{"rendered":"\u00ab Cela n\u2019avait aucun sens pour nous \u00bb : pourquoi la nouvelle voiture \u00e9lectrique de BMW n\u2019a pas la fonction la plus controvers\u00e9e de Mercedes, Volkswagen et Tesla"},"content":{"rendered":"<p><img width=\"1200\" height=\"675\" src=\"https:\/\/www.evearly.news\/fr\/wp-content\/uploads\/sites\/6\/2025\/12\/cela-navait-aucun-sens-pour-nous-pourquoi-la-nouvelle-voiture-electrique-de-bmw-na-pas-la-fonction-la-plus-controversee-de-mercedes-volkswagen-et-tesla.jpg\" class=\"attachment-full size-full wp-post-image\" alt=\"\" decoding=\"async\" loading=\"lazy\" \/<br \/>\nBMW refuse de proposer un abonnement pour d\u00e9bloquer de la puissance ou de l\u2019autonomie sur ses voitures \u00e9lectriques. Mais la firme allemande veut tout de m\u00eame continuer \u00e0 faire payer certaines fonctionnalit\u00e9s \u00e0 ses clients apr\u00e8s l\u2019achat.<br \/>\n <a href=https:\/\/www.frandroid.com\/marques\/bmw\/2899639_cela-navait-aucun-sens-pour-nous-pourquoi-la-nouvelle-voiture-electrique-de-bmw-na-pas-la-fonction-la-plus-controversee-de-mercedes-volkswagen-et-tesla target='blank'>Lire la suite&#8230;<\/a><\/p>\n","protected":false},"excerpt":{"rendered":"<p>&lt;img width=&quot;1200&quot; height=&quot;675&quot; src=&quot;https:\/\/www.evearly.news\/fr\/wp-content\/uploads\/sites\/6\/2025\/12\/cela-navait-aucun-sens-pour-nous-pourquoi-la-nouvelle-voiture-electrique-de-bmw-na-pas-la-fonction-la-plus-controversee-de-mercedes-volkswagen-et-tesla.jpg&quot; class=&quot;attachment-full size-full wp-post-image&quot; alt=&quot;&quot; decoding=&quot;async&quot; loading=&quot;lazy&quot; \/<br \/>\nBMW refuse de proposer un abonnement pour d\u00e9bloquer de la puissance ou de l\u2019autonomie sur ses voitures \u00e9lectriques. Mais la firme allemande veut tout de m\u00eame continuer \u00e0 faire payer certaines fonctionnalit\u00e9s \u00e0 ses clients apr\u00e8s l\u2019achat.\n<\/p>\n<p> <a class=\"continue-reading-link\" href=\"https:\/\/www.evearly.news\/fr\/cela-navait-aucun-sens-pour-nous-pourquoi-la-nouvelle-voiture-electrique-de-bmw-na-pas-la-fonction-la-plus-controversee-de-mercedes-volkswagen-et-tesla\/\"><\/a><\/p>\n","protected":false},"author":6,"featured_media":313303,"comment_status":"closed","ping_status":"open","sticky":false,"template":"Default","format":"standard","meta":{"footnotes":""},"categories":[14],"tags":[],"class_list":["post-313302","post","type-post","status-publish","format-standard","has-post-thumbnail","hentry","category-frandroid"],"_links":{"self":[{"href":"https:\/\/www.evearly.news\/fr\/wp-json\/wp\/v2\/posts\/313302","targetHints":{"allow":["GET"]}}],"collection":[{"href":"https:\/\/www.evearly.news\/fr\/wp-json\/wp\/v2\/posts"}],"about":[{"href":"https:\/\/www.evearly.news\/fr\/wp-json\/wp\/v2\/types\/post"}],"author":[{"embeddable":true,"href":"https:\/\/www.evearly.news\/fr\/wp-json\/wp\/v2\/users\/6"}],"replies":[{"embeddable":true,"href":"https:\/\/www.evearly.news\/fr\/wp-json\/wp\/v2\/comments?post=313302"}],"version-history":[{"count":0,"href":"https:\/\/www.evearly.news\/fr\/wp-json\/wp\/v2\/posts\/313302\/revisions"}],"wp:featuredmedia":[{"embeddable":true,"href":"https:\/\/www.evearly.news\/fr\/wp-json\/wp\/v2\/media\/313303"}],"wp:attachment":[{"href":"https:\/\/www.evearly.news\/fr\/wp-json\/wp\/v2\/media?parent=313302"}],"wp:term":[{"taxonomy":"category","embeddable":true,"href":"https:\/\/www.evearly.news\/fr\/wp-json\/wp\/v2\/categories?post=313302"},{"taxonomy":"post_tag","embeddable":true,"href":"https:\/\/www.evearly.news\/fr\/wp-json\/wp\/v2\/tags?post=313302"}],"curies":[{"name":"wp","href":"https:\/\/api.w.org\/{rel}","templated":true}]}}