{"id":313312,"date":"2025-12-05T12:13:50","date_gmt":"2025-12-05T11:13:50","guid":{"rendered":"https:\/\/www.evearly.news\/fr\/prix-tesla-model-3-standard-la-berline-electrique-la-plus-abordable-de-lhistoire-de-la-marque-debarque-en-france\/"},"modified":"2025-12-05T12:13:50","modified_gmt":"2025-12-05T11:13:50","slug":"prix-tesla-model-3-standard-la-berline-electrique-la-plus-abordable-de-lhistoire-de-la-marque-debarque-en-france","status":"publish","type":"post","link":"https:\/\/www.evearly.news\/fr\/prix-tesla-model-3-standard-la-berline-electrique-la-plus-abordable-de-lhistoire-de-la-marque-debarque-en-france\/","title":{"rendered":"Prix Tesla Model 3 Standard : la berline \u00e9lectrique la plus abordable de l\u2019histoire de la marque d\u00e9barque en France"},"content":{"rendered":"<div class=\"media_block\"><img decoding=\"async\" src=\"https:\/\/www.evearly.news\/fr\/wp-content\/uploads\/sites\/6\/2025\/12\/prix-tesla-model-3-standard-la-berline-electrique-la-plus-abordable-de-lhistoire-de-la-marque-debarque-en-france.jpg\"><\/div>\n<p>Tesla frappe un grand coup en \u00e9largissant sa gamme \u00e9lectrique avec le lancement en France de la Model 3 Standard, factur\u00e9e 36 990 euros et disponible \u00e0 la commande imm\u00e9diate sur le configurateur en ligne. Produite en Chine et donc non \u00e9ligible au bonus \u00e9cologique, contrairement au Model Y Standard berlinois, elle promet n\u00e9anmoins une autonomie WLTP de 534 km et l\u2019int\u00e9gralit\u00e9 des fonctions logicielles phares de la gamme. Les premi\u00e8res livraisons sont attendues en f\u00e9vrier 2026. <a href=https:\/\/www.automobile-magazine.fr\/voitures-electriques\/article\/50353-prix-tesla-model-3-standard-la-berline-electrique-la-plus-abordable-de-lhistoire-de-la-marque-debarque-en-france target='bwindow'>Lire la suite&#8230;<\/a><\/p>\n","protected":false},"excerpt":{"rendered":"<div class=\"media_block\"><img decoding=\"async\" src=\"https:\/\/www.evearly.news\/fr\/wp-content\/uploads\/sites\/6\/2025\/12\/prix-tesla-model-3-standard-la-berline-electrique-la-plus-abordable-de-lhistoire-de-la-marque-debarque-en-france.jpg\"><\/div>\n<p> <a class=\"continue-reading-link\" href=\"https:\/\/www.evearly.news\/fr\/prix-tesla-model-3-standard-la-berline-electrique-la-plus-abordable-de-lhistoire-de-la-marque-debarque-en-france\/\"><\/a><\/p>\n","protected":false},"author":7,"featured_media":313313,"comment_status":"closed","ping_status":"open","sticky":false,"template":"Default","format":"standard","meta":{"footnotes":""},"categories":[7],"tags":[],"class_list":["post-313312","post","type-post","status-publish","format-standard","has-post-thumbnail","hentry","category-automobile-magazine"],"_links":{"self":[{"href":"https:\/\/www.evearly.news\/fr\/wp-json\/wp\/v2\/posts\/313312","targetHints":{"allow":["GET"]}}],"collection":[{"href":"https:\/\/www.evearly.news\/fr\/wp-json\/wp\/v2\/posts"}],"about":[{"href":"https:\/\/www.evearly.news\/fr\/wp-json\/wp\/v2\/types\/post"}],"author":[{"embeddable":true,"href":"https:\/\/www.evearly.news\/fr\/wp-json\/wp\/v2\/users\/7"}],"replies":[{"embeddable":true,"href":"https:\/\/www.evearly.news\/fr\/wp-json\/wp\/v2\/comments?post=313312"}],"version-history":[{"count":0,"href":"https:\/\/www.evearly.news\/fr\/wp-json\/wp\/v2\/posts\/313312\/revisions"}],"wp:featuredmedia":[{"embeddable":true,"href":"https:\/\/www.evearly.news\/fr\/wp-json\/wp\/v2\/media\/313313"}],"wp:attachment":[{"href":"https:\/\/www.evearly.news\/fr\/wp-json\/wp\/v2\/media?parent=313312"}],"wp:term":[{"taxonomy":"category","embeddable":true,"href":"https:\/\/www.evearly.news\/fr\/wp-json\/wp\/v2\/categories?post=313312"},{"taxonomy":"post_tag","embeddable":true,"href":"https:\/\/www.evearly.news\/fr\/wp-json\/wp\/v2\/tags?post=313312"}],"curies":[{"name":"wp","href":"https:\/\/api.w.org\/{rel}","templated":true}]}}