{"id":313314,"date":"2025-12-05T12:20:04","date_gmt":"2025-12-05T11:20:04","guid":{"rendered":"https:\/\/www.evearly.news\/fr\/le-kia-ev2-sera-devoile-a-bruxelles-en-janvier-2026\/"},"modified":"2025-12-05T12:20:04","modified_gmt":"2025-12-05T11:20:04","slug":"le-kia-ev2-sera-devoile-a-bruxelles-en-janvier-2026","status":"publish","type":"post","link":"https:\/\/www.evearly.news\/fr\/le-kia-ev2-sera-devoile-a-bruxelles-en-janvier-2026\/","title":{"rendered":"Le Kia EV2 sera d\u00e9voil\u00e9 \u00e0 Bruxelles en janvier 2026"},"content":{"rendered":"<p><img width=\"1000\" height=\"563\" src=\"https:\/\/www.evearly.news\/fr\/wp-content\/uploads\/sites\/6\/2025\/12\/le-kia-ev2-sera-devoile-a-bruxelles-en-janvier-2026.jpg\" class=\"attachment-post-thumbnail size-post-thumbnail wp-post-image\" alt=\"Kia EV2\" decoding=\"async\" fetchpriority=\"high\" srcset=\"https:\/\/www.evearly.news\/fr\/wp-content\/uploads\/sites\/6\/2025\/12\/le-kia-ev2-sera-devoile-a-bruxelles-en-janvier-2026.jpg 1000w, https:\/\/www.evearly.news\/fr\/wp-content\/uploads\/sites\/6\/2025\/12\/le-kia-ev2-sera-devoile-a-bruxelles-en-janvier-2026-1.jpg 300w, https:\/\/www.evearly.news\/fr\/wp-content\/uploads\/sites\/6\/2025\/12\/le-kia-ev2-sera-devoile-a-bruxelles-en-janvier-2026-2.jpg 998w, https:\/\/www.avem.fr\/wp-content\/uploads\/2025\/12\/ACTF1205_KiaEV2-768x432.jpg 768w\" sizes=\"(max-width: 1000px) 100vw, 1000px\" \/>Moins d\u2019un an apr\u00e8s la pr\u00e9sentation de son concept EV2 \u00e0 son EV Day 2025, Kia promet de d\u00e9couvrir au salon automobile de Bruxelles le mod\u00e8le commercialisable. \u00a0 10 mois apr\u00e8s le concept Proche de la ligne du Kia EV3 d\u00e9j\u00e0 disponible, le concept EV2 transmettait sans doute d\u00e9j\u00e0 tr\u00e8s [\u2026] <a href=https:\/\/www.avem.fr\/2025\/12\/05\/le-kia-ev2-sera-devoile-a-bruxelles-en-janvier-2026\/ target=blank>Lire la suite&#8230;<\/a><\/p>\n","protected":false},"excerpt":{"rendered":"<p><img loading=\"lazy\" decoding=\"async\" width=\"1000\" height=\"563\" src=\"https:\/\/www.evearly.news\/fr\/wp-content\/uploads\/sites\/6\/2025\/12\/le-kia-ev2-sera-devoile-a-bruxelles-en-janvier-2026.jpg\" class=\"attachment-post-thumbnail size-post-thumbnail wp-post-image\" alt=\"Kia EV2\" \/>Moins d\u2019un an apr\u00e8s la pr\u00e9sentation de son concept EV2 \u00e0 son EV Day 2025, Kia promet de d\u00e9couvrir au salon automobile de Bruxelles le mod\u00e8le commercialisable. \u00a0 10 mois apr\u00e8s le concept Proche de la ligne du Kia EV3 d\u00e9j\u00e0 disponible, le concept EV2 transmettait sans doute d\u00e9j\u00e0 tr\u00e8s [\u2026] <a class=\"continue-reading-link\" href=\"https:\/\/www.evearly.news\/fr\/le-kia-ev2-sera-devoile-a-bruxelles-en-janvier-2026\/\"><\/a><\/p>\n","protected":false},"author":3,"featured_media":313315,"comment_status":"closed","ping_status":"open","sticky":false,"template":"Default","format":"standard","meta":{"footnotes":""},"categories":[3],"tags":[],"class_list":["post-313314","post","type-post","status-publish","format-standard","has-post-thumbnail","hentry","category-avem"],"_links":{"self":[{"href":"https:\/\/www.evearly.news\/fr\/wp-json\/wp\/v2\/posts\/313314","targetHints":{"allow":["GET"]}}],"collection":[{"href":"https:\/\/www.evearly.news\/fr\/wp-json\/wp\/v2\/posts"}],"about":[{"href":"https:\/\/www.evearly.news\/fr\/wp-json\/wp\/v2\/types\/post"}],"author":[{"embeddable":true,"href":"https:\/\/www.evearly.news\/fr\/wp-json\/wp\/v2\/users\/3"}],"replies":[{"embeddable":true,"href":"https:\/\/www.evearly.news\/fr\/wp-json\/wp\/v2\/comments?post=313314"}],"version-history":[{"count":0,"href":"https:\/\/www.evearly.news\/fr\/wp-json\/wp\/v2\/posts\/313314\/revisions"}],"wp:featuredmedia":[{"embeddable":true,"href":"https:\/\/www.evearly.news\/fr\/wp-json\/wp\/v2\/media\/313315"}],"wp:attachment":[{"href":"https:\/\/www.evearly.news\/fr\/wp-json\/wp\/v2\/media?parent=313314"}],"wp:term":[{"taxonomy":"category","embeddable":true,"href":"https:\/\/www.evearly.news\/fr\/wp-json\/wp\/v2\/categories?post=313314"},{"taxonomy":"post_tag","embeddable":true,"href":"https:\/\/www.evearly.news\/fr\/wp-json\/wp\/v2\/tags?post=313314"}],"curies":[{"name":"wp","href":"https:\/\/api.w.org\/{rel}","templated":true}]}}